{"id":500270,"date":"2025-10-15T09:53:12","date_gmt":"2025-10-15T09:53:12","guid":{"rendered":"https:\/\/www.europesays.com\/de\/500270\/"},"modified":"2025-10-15T09:53:12","modified_gmt":"2025-10-15T09:53:12","slug":"zoll-prueft-mehrere-betriebe-in-der-fussgaengerzone","status":"publish","type":"post","link":"https:\/\/www.europesays.com\/de\/500270\/","title":{"rendered":"Zoll pr\u00fcft mehrere Betriebe in der Fu\u00dfg\u00e4ngerzone"},"content":{"rendered":"<p class=\"text_ohne_einzug richtext text-em-55 !leading-serif mx-6 desktop:mx-0\"> Es war ein ungew\u00f6hnliches Bild in der Duisburger Innenstadt: Mehrere Einsatzwagen von <a href=\"https:\/\/rp-online.de\/thema\/polizei\/\" rel=\"nofollow noopener\" target=\"_blank\">Polizei<\/a>, Ordnungsamt und Zoll sind am sp\u00e4ten Dienstagnachmittag in der K\u00f6nigstra\u00dfe vorgefahren. Rund ein Dutzend Beamte stiegen aus und verschwanden sp\u00e4ter in umliegenden Gesch\u00e4ften, etwa in Kiosken, bei Einzelh\u00e4ndlern oder im Spieleparadies \u201eGame Box\u201c.<\/p>\n","protected":false},"excerpt":{"rendered":"Es war ein ungew\u00f6hnliches Bild in der Duisburger Innenstadt: Mehrere Einsatzwagen von Polizei, Ordnungsamt und Zoll sind am&hellip;\n","protected":false},"author":2,"featured_media":500271,"comment_status":"","ping_status":"","sticky":false,"template":"","format":"standard","meta":{"footnotes":""},"categories":[1838],"tags":[6027,16703,3364,29,3715,588,8393,65096,30,65097,2065,6139,1209,5719,615],"class_list":{"0":"post-500270","1":"post","2":"type-post","3":"status-publish","4":"format-standard","5":"has-post-thumbnail","7":"category-duisburg","8":"tag-ordnungsamt","9":"tag-beamte","10":"tag-de","11":"tag-deutschland","12":"tag-duisburg","13":"tag-einsatz","14":"tag-einsatzwagen","15":"tag-fks","16":"tag-germany","17":"tag-hauptzollamts","18":"tag-innenstadt","19":"tag-koenigstrasse","20":"tag-nordrhein-westfalen","21":"tag-schwarzarbeit","22":"tag-zoll"},"share_on_mastodon":{"url":"https:\/\/pubeurope.com\/@de\/115377576692842347","error":""},"_links":{"self":[{"href":"https:\/\/www.europesays.com\/de\/wp-json\/wp\/v2\/posts\/500270","targetHints":{"allow":["GET"]}}],"collection":[{"href":"https:\/\/www.europesays.com\/de\/wp-json\/wp\/v2\/posts"}],"about":[{"href":"https:\/\/www.europesays.com\/de\/wp-json\/wp\/v2\/types\/post"}],"author":[{"embeddable":true,"href":"https:\/\/www.europesays.com\/de\/wp-json\/wp\/v2\/users\/2"}],"replies":[{"embeddable":true,"href":"https:\/\/www.europesays.com\/de\/wp-json\/wp\/v2\/comments?post=500270"}],"version-history":[{"count":0,"href":"https:\/\/www.europesays.com\/de\/wp-json\/wp\/v2\/posts\/500270\/revisions"}],"wp:featuredmedia":[{"embeddable":true,"href":"https:\/\/www.europesays.com\/de\/wp-json\/wp\/v2\/media\/500271"}],"wp:attachment":[{"href":"https:\/\/www.europesays.com\/de\/wp-json\/wp\/v2\/media?parent=500270"}],"wp:term":[{"taxonomy":"category","embeddable":true,"href":"https:\/\/www.europesays.com\/de\/wp-json\/wp\/v2\/categories?post=500270"},{"taxonomy":"post_tag","embeddable":true,"href":"https:\/\/www.europesays.com\/de\/wp-json\/wp\/v2\/tags?post=500270"}],"curies":[{"name":"wp","href":"https:\/\/api.w.org\/{rel}","templated":true}]}}