{"id":500315,"date":"2025-10-15T10:16:16","date_gmt":"2025-10-15T10:16:16","guid":{"rendered":"https:\/\/www.europesays.com\/de\/500315\/"},"modified":"2025-10-15T10:16:16","modified_gmt":"2025-10-15T10:16:16","slug":"rat-der-religionen-in-muenchen-setzt-beim-diesjaehrigen-friedensgebet-der-religionen-ein-zeichen-fuer-versoehnung","status":"publish","type":"post","link":"https:\/\/www.europesays.com\/de\/500315\/","title":{"rendered":"Rat der Religionen in M\u00fcnchen setzt beim diesj\u00e4hrigen Friedensgebet der Religionen ein Zeichen f\u00fcr Vers\u00f6hnung."},"content":{"rendered":"<p>Rat der Religionen in M\u00fcnchen setzt Zeichen f\u00fcr Vers\u00f6hnung<\/p>\n<p><strong>M\u00fcnchen, 15. Oktober 2025<\/strong>. Unter dem Leitwort \u201eVerschieden \u2013 aber im Gebet vereint\u201c steht das diesj\u00e4hrige Friedensgebet der Religionen am <strong>Mittwoch<\/strong><strong>, 22. Oktober, um 18.30 Uhr <\/strong>in der<strong> ehemaligen Karmeliterkirche (Karmeliterstra\u00dfe 1) <\/strong>in<strong> M\u00fcnchen<\/strong>, das der Rat der Religionen veranstaltet. Vertreterinnen und Vertreter verschiedener M\u00fcnchner Religionsgemeinschaften lesen und rezitieren Texte aus ihren jeweiligen Heiligen Schriften, singen und sprechen Gebete aus ihren Traditionen. Joachim Herrmann, Bayerischer Staatsminister des Innern, f\u00fcr Sport und Integration, spricht ein Gru\u00dfwort. <br \/>\u00a0<br \/>Neben Christoph Klingan, Generalvikar der Erzdi\u00f6zese M\u00fcnchen und Freising und zust\u00e4ndig f\u00fcr die Seelsorgsregion M\u00fcnchen, und dem Stadtdekan im Evangelisch-Lutherischen Dekanatsbezirk M\u00fcnchen, Bernhard Liess, nehmen an dem Gebet teil: Rabbiner Shmuel Aharon Brodman von der Israelitischen Kultusgemeinde M\u00fcnchen und Oberbayern und Rabbiner Tom Ku\u010dera von der Liberalen j\u00fcdischen Gemeinde Beth Shalom; Imam Belmin Mehic f\u00fcr das M\u00fcnchner Forum f\u00fcr Islam; Erg\u00fcn Erdo\u011fgan und Hayal Tijda Erenler f\u00fcr die Alevitische Gemeinde M\u00fcnchen; der bulgarisch-orthodoxe Erzpriester Nedialko Kalinov; Heinz Roiger f\u00fcr die Deutsche Buddhistische Union; Sandra Sch\u00f6nitzer f\u00fcr die Baha\u2019i-Gemeinde; und Heide Duckert f\u00fcr die Kirche Jesu Christi der Heiligen der Letzten Tage. <br \/>\u00a0<br \/>Der Rat der Religionen in M\u00fcnchen wurde im Juli 2016 gegr\u00fcndet, um die Zusammenarbeit der Religionsgemeinschaften vor Ort zu st\u00e4rken und durch Dialog und Beratung das gegenseitige Verst\u00e4ndnis und Zusammenleben in der Stadtgesellschaft zu verbessern. (hor) <\/p>\n","protected":false},"excerpt":{"rendered":"Rat der Religionen in M\u00fcnchen setzt Zeichen f\u00fcr Vers\u00f6hnung M\u00fcnchen, 15. Oktober 2025. Unter dem Leitwort \u201eVerschieden \u2013&hellip;\n","protected":false},"author":2,"featured_media":22910,"comment_status":"","ping_status":"","sticky":false,"template":"","format":"standard","meta":{"footnotes":""},"categories":[1827],"tags":[772,29,25381,125214,125216,30,125215,1268,125213],"class_list":{"0":"post-500315","1":"post","2":"type-post","3":"status-publish","4":"format-standard","5":"has-post-thumbnail","7":"category-muenchen","8":"tag-bayern","9":"tag-deutschland","10":"tag-erzbistum-muenchen-und-freising","11":"tag-friedensgebet","12":"tag-generalvikar-christoph-klingan","13":"tag-germany","14":"tag-karmeliterkirche","15":"tag-muenchen","16":"tag-rat-der-religionen"},"share_on_mastodon":{"url":"https:\/\/pubeurope.com\/@de\/115377667099030694","error":""},"_links":{"self":[{"href":"https:\/\/www.europesays.com\/de\/wp-json\/wp\/v2\/posts\/500315","targetHints":{"allow":["GET"]}}],"collection":[{"href":"https:\/\/www.europesays.com\/de\/wp-json\/wp\/v2\/posts"}],"about":[{"href":"https:\/\/www.europesays.com\/de\/wp-json\/wp\/v2\/types\/post"}],"author":[{"embeddable":true,"href":"https:\/\/www.europesays.com\/de\/wp-json\/wp\/v2\/users\/2"}],"replies":[{"embeddable":true,"href":"https:\/\/www.europesays.com\/de\/wp-json\/wp\/v2\/comments?post=500315"}],"version-history":[{"count":0,"href":"https:\/\/www.europesays.com\/de\/wp-json\/wp\/v2\/posts\/500315\/revisions"}],"wp:featuredmedia":[{"embeddable":true,"href":"https:\/\/www.europesays.com\/de\/wp-json\/wp\/v2\/media\/22910"}],"wp:attachment":[{"href":"https:\/\/www.europesays.com\/de\/wp-json\/wp\/v2\/media?parent=500315"}],"wp:term":[{"taxonomy":"category","embeddable":true,"href":"https:\/\/www.europesays.com\/de\/wp-json\/wp\/v2\/categories?post=500315"},{"taxonomy":"post_tag","embeddable":true,"href":"https:\/\/www.europesays.com\/de\/wp-json\/wp\/v2\/tags?post=500315"}],"curies":[{"name":"wp","href":"https:\/\/api.w.org\/{rel}","templated":true}]}}