{"id":500410,"date":"2025-10-15T11:09:16","date_gmt":"2025-10-15T11:09:16","guid":{"rendered":"https:\/\/www.europesays.com\/de\/500410\/"},"modified":"2025-10-15T11:09:16","modified_gmt":"2025-10-15T11:09:16","slug":"zwei-drittel-sind-frauen-zahl-der-demenz-todesfaelle-in-deutschland-nimmt-zu","status":"publish","type":"post","link":"https:\/\/www.europesays.com\/de\/500410\/","title":{"rendered":"Zwei Drittel sind Frauen: Zahl der Demenz-Todesf\u00e4lle in Deutschland nimmt zu"},"content":{"rendered":"<p>                    Zwei Drittel sind Frauen<br \/>\n                Zahl der Demenz-Todesf\u00e4lle in Deutschland nimmt zu<\/p>\n<p>\t\t\t\t              15.10.2025, 12:55 Uhr<\/p>\n<p>\t\t\t\t\t       Artikel anh\u00f6ren<\/p>\n<p>\t\t\t\t\t\t\tDiese Audioversion wurde k\u00fcnstlich generiert. <a href=\"https:\/\/www.n-tv.de\/23249898\" target=\"_blank\" rel=\"noopener\">Mehr Infos<\/a><\/p>\n<p><strong>Die Lebenserwartung in Deutschland steigt seit Jahren. Damit steigt allerdings auch das Risiko, an Demenz zu erkranken. Das schl\u00e4gt sich auch in der Statistik der Sterbeursachen zunehmend nieder. Die Zahl der Demenz-Todesf\u00e4lle steigt 2024 um 4,4 Prozent. F\u00fcr den Anstieg sind vor allem M\u00e4nner verantwortlich. <\/strong><\/p>\n<p>Die Zahl der Menschen, die in Deutschland an Demenz sterben, steigt weiter an: Wie das Statistische Bundesamt mitteilte, wurden im vergangenen Jahr 61.927 Sterbef\u00e4lle durch eine Demenzerkrankung registriert. Das waren 4,4 Prozent mehr als im Vorjahr 2023 und 23,2 Prozent mehr als im zehnj\u00e4hrigen Durchschnitt der Jahre 2015 bis 2024. Demenz geh\u00f6rt laut Bundesamt seit Jahren zu den h\u00e4ufigsten Todesursachen bei Frauen &#8211; doch auch bei M\u00e4nnern steigen die Zahlen stetig.<\/p>\n<p>So lag die Zahl der an Demenz verstorbenen M\u00e4nner im Jahr 2024 mit 21.247 um 27,9 Prozent h\u00f6her als im Zehnjahresdurchschnitt, wie das Bundesamt mitteilte. Insgesamt 40.680 Frauen starben an Demenz, das waren 20,8 Prozent mehr als im Durchschnitt der Jahre 2015 bis 2024.<\/p>\n<\/p>\n<p>Im Jahr 2024 waren knapp 90 Prozent (89,1 Prozent) der an Demenz Verstorbenen 80 Jahre oder \u00e4lter. In dieser Altersgruppe stieg die Zahl der Todesf\u00e4lle durch Demenz gegen\u00fcber dem Vorjahr um 4,6 Prozent. Im Vergleich zum Zehnjahresdurchschnitt war der Anstieg bei M\u00e4nnern ab 80 Jahren mit knapp 33 Prozent deutlich st\u00e4rker als bei Frauen (plus 22,2 Prozent).<\/p>\n<p>Insgesamt starben 2024 in Deutschland rund 1,01 Millionen Menschen &#8211; etwa 2 Prozent weniger als im Jahr zuvor. Damit ging die Zahl der Sterbef\u00e4lle im zweiten Jahr in Folge zur\u00fcck, wie es weiter hie\u00df.<\/p>\n<\/p>\n<p>Die h\u00e4ufigsten Todesursachen blieben laut den Statistikern wie in den Vorjahren Herz-Kreislauf-Erkrankungen (339.212 F\u00e4lle) und Krebserkrankungen (230.392) &#8211; mehr als die H\u00e4lfte aller Verstorbenen (56,5 Prozent) starb an einer dieser Ursachen. W\u00e4hrend die Zahl der Krebstoten im Vergleich zum Vorjahr nahezu unver\u00e4ndert blieb, ging die Zahl der Todesf\u00e4lle durch Herz-Kreislauf-Erkrankungen um 2,6 Prozent zur\u00fcck.<\/p>\n","protected":false},"excerpt":{"rendered":"Zwei Drittel sind Frauen Zahl der Demenz-Todesf\u00e4lle in Deutschland nimmt zu 15.10.2025, 12:55 Uhr Artikel anh\u00f6ren Diese Audioversion&hellip;\n","protected":false},"author":2,"featured_media":500411,"comment_status":"","ping_status":"","sticky":false,"template":"","format":"standard","meta":{"footnotes":""},"categories":[2],"tags":[331,3924,332,3922,3364,1051,29,30,13,984,14,3923,15,3921,103300,12,874,1719],"class_list":{"0":"post-500410","1":"post","2":"type-post","3":"status-publish","4":"format-standard","5":"has-post-thumbnail","7":"category-deutschland","8":"tag-aktuelle-nachrichten","9":"tag-aktuelle-nachrichten-aus-deutschland","10":"tag-aktuelle-news","11":"tag-aktuelle-news-aus-deutschland","12":"tag-de","13":"tag-demenz","14":"tag-deutschland","15":"tag-germany","16":"tag-headlines","17":"tag-international","18":"tag-nachrichten","19":"tag-nachrichten-aus-deutschland","20":"tag-news","21":"tag-news-aus-deutschland","22":"tag-pflegesystem","23":"tag-schlagzeilen","24":"tag-statistisches-bundesamt","25":"tag-todesfaelle"},"share_on_mastodon":{"url":"https:\/\/pubeurope.com\/@de\/115377875450862578","error":""},"_links":{"self":[{"href":"https:\/\/www.europesays.com\/de\/wp-json\/wp\/v2\/posts\/500410","targetHints":{"allow":["GET"]}}],"collection":[{"href":"https:\/\/www.europesays.com\/de\/wp-json\/wp\/v2\/posts"}],"about":[{"href":"https:\/\/www.europesays.com\/de\/wp-json\/wp\/v2\/types\/post"}],"author":[{"embeddable":true,"href":"https:\/\/www.europesays.com\/de\/wp-json\/wp\/v2\/users\/2"}],"replies":[{"embeddable":true,"href":"https:\/\/www.europesays.com\/de\/wp-json\/wp\/v2\/comments?post=500410"}],"version-history":[{"count":0,"href":"https:\/\/www.europesays.com\/de\/wp-json\/wp\/v2\/posts\/500410\/revisions"}],"wp:featuredmedia":[{"embeddable":true,"href":"https:\/\/www.europesays.com\/de\/wp-json\/wp\/v2\/media\/500411"}],"wp:attachment":[{"href":"https:\/\/www.europesays.com\/de\/wp-json\/wp\/v2\/media?parent=500410"}],"wp:term":[{"taxonomy":"category","embeddable":true,"href":"https:\/\/www.europesays.com\/de\/wp-json\/wp\/v2\/categories?post=500410"},{"taxonomy":"post_tag","embeddable":true,"href":"https:\/\/www.europesays.com\/de\/wp-json\/wp\/v2\/tags?post=500410"}],"curies":[{"name":"wp","href":"https:\/\/api.w.org\/{rel}","templated":true}]}}