{"id":500510,"date":"2025-10-15T12:06:24","date_gmt":"2025-10-15T12:06:24","guid":{"rendered":"https:\/\/www.europesays.com\/de\/500510\/"},"modified":"2025-10-15T12:06:24","modified_gmt":"2025-10-15T12:06:24","slug":"waldhausener-strasse-bekommt-neue-beleuchtung","status":"publish","type":"post","link":"https:\/\/www.europesays.com\/de\/500510\/","title":{"rendered":"Waldhausener Stra\u00dfe bekommt neue Beleuchtung"},"content":{"rendered":"<p class=\"text_ohne_einzug richtext text-em-55 !leading-serif mx-6 desktop:mx-0\">Die Waldhausener Stra\u00dfe f\u00fcr nicht nur f\u00fcr ihre Kneipen und Diskotheken bekannt, sondern lockt auch Besucher zum Fotografieren an. Das Motiv daf\u00fcr bieten die Girlanden mit alten Lampenschirmen. Damit der Foto-Hotspot weiter ein beliebtes Ziel in der Gladbacher Altstadt bleibt, werden die Lampenschirme und Leuchtmittel regelm\u00e4\u00dfig erneuert. \u201eDie Schirme sind eigentlich f\u00fcr den Innenbereich\u201c, erkl\u00e4rt Stephan R\u00fcland, Vorsitzender der Altstadtinitiative. Dadurch seien sie nicht wetterbest\u00e4ndig und m\u00fcssen alle sechs bis zw\u00f6lf Monate ausgetauscht werden.<\/p>\n","protected":false},"excerpt":{"rendered":"Die Waldhausener Stra\u00dfe f\u00fcr nicht nur f\u00fcr ihre Kneipen und Diskotheken bekannt, sondern lockt auch Besucher zum Fotografieren&hellip;\n","protected":false},"author":2,"featured_media":500511,"comment_status":"","ping_status":"","sticky":false,"template":"","format":"standard","meta":{"footnotes":""},"categories":[1849],"tags":[3364,29,548,663,3934,30,13,4455,14,15,1209,12,524,125241],"class_list":{"0":"post-500510","1":"post","2":"type-post","3":"status-publish","4":"format-standard","5":"has-post-thumbnail","7":"category-moenchengladbach","8":"tag-de","9":"tag-deutschland","10":"tag-eu","11":"tag-europa","12":"tag-europe","13":"tag-germany","14":"tag-headlines","15":"tag-moenchengladbach","16":"tag-nachrichten","17":"tag-news","18":"tag-nordrhein-westfalen","19":"tag-schlagzeilen","20":"tag-strasse","21":"tag-waldhausener"},"share_on_mastodon":{"url":"https:\/\/pubeurope.com\/@de\/115378099560880779","error":""},"_links":{"self":[{"href":"https:\/\/www.europesays.com\/de\/wp-json\/wp\/v2\/posts\/500510","targetHints":{"allow":["GET"]}}],"collection":[{"href":"https:\/\/www.europesays.com\/de\/wp-json\/wp\/v2\/posts"}],"about":[{"href":"https:\/\/www.europesays.com\/de\/wp-json\/wp\/v2\/types\/post"}],"author":[{"embeddable":true,"href":"https:\/\/www.europesays.com\/de\/wp-json\/wp\/v2\/users\/2"}],"replies":[{"embeddable":true,"href":"https:\/\/www.europesays.com\/de\/wp-json\/wp\/v2\/comments?post=500510"}],"version-history":[{"count":0,"href":"https:\/\/www.europesays.com\/de\/wp-json\/wp\/v2\/posts\/500510\/revisions"}],"wp:featuredmedia":[{"embeddable":true,"href":"https:\/\/www.europesays.com\/de\/wp-json\/wp\/v2\/media\/500511"}],"wp:attachment":[{"href":"https:\/\/www.europesays.com\/de\/wp-json\/wp\/v2\/media?parent=500510"}],"wp:term":[{"taxonomy":"category","embeddable":true,"href":"https:\/\/www.europesays.com\/de\/wp-json\/wp\/v2\/categories?post=500510"},{"taxonomy":"post_tag","embeddable":true,"href":"https:\/\/www.europesays.com\/de\/wp-json\/wp\/v2\/tags?post=500510"}],"curies":[{"name":"wp","href":"https:\/\/api.w.org\/{rel}","templated":true}]}}