{"id":500530,"date":"2025-10-15T12:17:13","date_gmt":"2025-10-15T12:17:13","guid":{"rendered":"https:\/\/www.europesays.com\/de\/500530\/"},"modified":"2025-10-15T12:17:13","modified_gmt":"2025-10-15T12:17:13","slug":"hier-werden-in-solingen-heute-baeume-gefaellt","status":"publish","type":"post","link":"https:\/\/www.europesays.com\/de\/500530\/","title":{"rendered":"Hier werden in Solingen heute B\u00e4ume gef\u00e4llt"},"content":{"rendered":"<p class=\"small date article__date\">Ver\u00f6ffentlicht:\u00a0Mittwoch, 15.10.2025 13:48<\/p>\n<p>In der Solinger Innenstadt m\u00fcssen B\u00e4ume gef\u00e4llt werden.<\/p>\n<p><img decoding=\"async\" alt=\"\" src=\"https:\/\/www.europesays.com\/de\/wp-content\/uploads\/2025\/10\/vsp_faellbagger_8_150220.jpg&#038;crop=0x112x2671x1669&#038;resize=1280x799&#038;dt=202410081850500.jpeg\" data-size=\"1280x799\"\/>\u00a9 Stephan Sch\u00fctte, Wald und Holz NRW<\/p>\n<p>Laut Stadt m\u00fcssen entlang der Hauptstra\u00dfe vier B\u00e4ume weg, weil sie nicht mehr sicher stehen. Ein Baum h\u00e4ngt schr\u00e4g \u00fcber die Einkaufsstra\u00dfe, die drei anderen sind von einem Pilz befallen. Das kann gef\u00e4hrlich werden f\u00fcr Menschen, die unter den B\u00e4umen entlanglaufen, deswegen werden sie heute (15.10.25) gef\u00e4llt. Die TBS arbeiten mit einem Fachunternehmen zusammen und das setzt einen Kran ein &#8211; deswegen kann es zu kurzzeitigen Sperrungen kommen, hei\u00dft es. F\u00fcr die gef\u00e4llten, kranken B\u00e4ume sollen dann bald neue gepflanzt werden, sagt die Stadt. (as)<\/p>\n<p>\u00a0<\/p>\n","protected":false},"excerpt":{"rendered":"Ver\u00f6ffentlicht:\u00a0Mittwoch, 15.10.2025 13:48 In der Solinger Innenstadt m\u00fcssen B\u00e4ume gef\u00e4llt werden. \u00a9 Stephan Sch\u00fctte, Wald und Holz NRW&hellip;\n","protected":false},"author":2,"featured_media":500531,"comment_status":"","ping_status":"","sticky":false,"template":"","format":"standard","meta":{"footnotes":""},"categories":[1840],"tags":[4919,18160,125242,2081,3364,29,30,1209,2083,4418],"class_list":{"0":"post-500530","1":"post","2":"type-post","3":"status-publish","4":"format-standard","5":"has-post-thumbnail","7":"category-wuppertal","8":"tag-bume","9":"tag-baumfllung","10":"tag-tbs","11":"tag-bauarbeiten","12":"tag-de","13":"tag-deutschland","14":"tag-germany","15":"tag-nordrhein-westfalen","16":"tag-sperrungen","17":"tag-wuppertal"},"share_on_mastodon":{"url":"https:\/\/pubeurope.com\/@de\/115378143303064673","error":""},"_links":{"self":[{"href":"https:\/\/www.europesays.com\/de\/wp-json\/wp\/v2\/posts\/500530","targetHints":{"allow":["GET"]}}],"collection":[{"href":"https:\/\/www.europesays.com\/de\/wp-json\/wp\/v2\/posts"}],"about":[{"href":"https:\/\/www.europesays.com\/de\/wp-json\/wp\/v2\/types\/post"}],"author":[{"embeddable":true,"href":"https:\/\/www.europesays.com\/de\/wp-json\/wp\/v2\/users\/2"}],"replies":[{"embeddable":true,"href":"https:\/\/www.europesays.com\/de\/wp-json\/wp\/v2\/comments?post=500530"}],"version-history":[{"count":0,"href":"https:\/\/www.europesays.com\/de\/wp-json\/wp\/v2\/posts\/500530\/revisions"}],"wp:featuredmedia":[{"embeddable":true,"href":"https:\/\/www.europesays.com\/de\/wp-json\/wp\/v2\/media\/500531"}],"wp:attachment":[{"href":"https:\/\/www.europesays.com\/de\/wp-json\/wp\/v2\/media?parent=500530"}],"wp:term":[{"taxonomy":"category","embeddable":true,"href":"https:\/\/www.europesays.com\/de\/wp-json\/wp\/v2\/categories?post=500530"},{"taxonomy":"post_tag","embeddable":true,"href":"https:\/\/www.europesays.com\/de\/wp-json\/wp\/v2\/tags?post=500530"}],"curies":[{"name":"wp","href":"https:\/\/api.w.org\/{rel}","templated":true}]}}