{"id":500532,"date":"2025-10-15T12:18:11","date_gmt":"2025-10-15T12:18:11","guid":{"rendered":"https:\/\/www.europesays.com\/de\/500532\/"},"modified":"2025-10-15T12:18:11","modified_gmt":"2025-10-15T12:18:11","slug":"zwei-jahre-haft-fuer-investor-benko","status":"publish","type":"post","link":"https:\/\/www.europesays.com\/de\/500532\/","title":{"rendered":"Zwei Jahre Haft f\u00fcr Investor Benko"},"content":{"rendered":"<p>Innsbruck (dpa) &#8211; Der \u00f6sterreichische Investor Ren\u00e9 Benko ist wegen Sch\u00e4digung seiner Gl\u00e4ubiger zu zwei Haft verurteilt worden. Der 48 Jahre alte Ex-Milliard\u00e4r habe durch eine Schenkung in H\u00f6he von 300.000 Euro an seine Mutter Verm\u00f6gen beiseitegeschafft, urteilte ein Sch\u00f6ffensenat des Landesgerichts Innsbruck. Im Fall einer Mietkostenvorauszahlung von 360.000 Euro wurde Benko freigesprochen. Das Urteil ist nicht rechtskr\u00e4ftig.\u00a0<\/p>\n<p>Einer von vielen Ermittlungsstr\u00e4ngen<\/p>\n<p>In dem Fall musste sich Benko wegen seiner Insolvenz als Einzelunternehmer verantworten. Die Anklage ist nur ein Strang von insgesamt 14 Verfahren, in denen allein die \u00f6sterreichische Justiz meistens wegen schweren Betrugs und Untreue ermittelt.\u00a0<\/p>\n<p>Das Verfahren gilt als Auftakt einer m\u00f6glichen Prozess-Serie rund um die gr\u00f6\u00dfte Pleite in der j\u00fcngeren Geschichte \u00d6sterreichs. Im Herbst 2023 schlitterte das Immobilien- und Handelskonglomerat Signa aus mehr als 1.130 Gesellschaften nach und nach in die Insolvenz. Steigende Zinsen und eigene Fehler hatten das Signa-Gesch\u00e4ftsmodell untergraben.\u00a0<\/p>\n<p>Die Gesamtforderungen der Gl\u00e4ubiger an die Signa-Holding und ihre Einzelgesellschaften liegen im Milliarden-Euro-Bereich.\u00a0<\/p>\n<p>Benko hatte auch in Deutschland unter anderem mit dem Kauf der Warenhauskonzerne Kaufhof und Karstadt Schlagzeilen gemacht. Der Einstieg in den station\u00e4ren Handel gilt im R\u00fcckblick als eine der belastenden Faktoren f\u00fcr das Gesch\u00e4ft von Signa.<\/p>\n<p>Benko war mehrfacher Milliard\u00e4r<\/p>\n<p>Der Sturz des Tirolers ist tief. Zu Glanzzeiten wurde Benkos Verm\u00f6gen auf fast f\u00fcnf Milliarden Euro gesch\u00e4tzt. Seine Karriere als Immobilien-Spezialist begann schon zu Schulzeiten in Innsbruck. Damals machte er kein Abitur, sondern baute Dachb\u00f6den um. Der Schulabbrecher besa\u00df auch gro\u00dfe \u00dcberzeugungskraft. Ihm gelang es, gro\u00dfe Investoren an Bord der von im 1999 gegr\u00fcndeten Signa zu holen.\u00a0<\/p>\n<p>F\u00fcr Aufsehen sorgte 2004 die \u00dcbernahme des Kaufhauses Tyrol in Innsbruck. In Wien entwickelte er in bester Innenstadtlage das \u00abGoldene Quartier\u00bb. Er beteiligte sich sp\u00e4ter an Geb\u00e4uden wie dem Chrysler Building in New York, dem Nobelkaufhaus Selfridges in London oder dem Elbtower in Hamburg.<\/p>\n","protected":false},"excerpt":{"rendered":"Innsbruck (dpa) &#8211; Der \u00f6sterreichische Investor Ren\u00e9 Benko ist wegen Sch\u00e4digung seiner Gl\u00e4ubiger zu zwei Haft verurteilt worden.&hellip;\n","protected":false},"author":2,"featured_media":500533,"comment_status":"","ping_status":"","sticky":false,"template":"","format":"standard","meta":{"footnotes":""},"categories":[1840],"tags":[36884,3364,29,30,3986,5331,1015,1209,2283,4418],"class_list":{"0":"post-500532","1":"post","2":"type-post","3":"status-publish","4":"format-standard","5":"has-post-thumbnail","7":"category-wuppertal","8":"tag-sterreich","9":"tag-de","10":"tag-deutschland","11":"tag-germany","12":"tag-handel","13":"tag-immobilien","14":"tag-justiz","15":"tag-nordrhein-westfalen","16":"tag-prozess-gericht","17":"tag-wuppertal"},"share_on_mastodon":{"url":"https:\/\/pubeurope.com\/@de\/115378146839594240","error":""},"_links":{"self":[{"href":"https:\/\/www.europesays.com\/de\/wp-json\/wp\/v2\/posts\/500532","targetHints":{"allow":["GET"]}}],"collection":[{"href":"https:\/\/www.europesays.com\/de\/wp-json\/wp\/v2\/posts"}],"about":[{"href":"https:\/\/www.europesays.com\/de\/wp-json\/wp\/v2\/types\/post"}],"author":[{"embeddable":true,"href":"https:\/\/www.europesays.com\/de\/wp-json\/wp\/v2\/users\/2"}],"replies":[{"embeddable":true,"href":"https:\/\/www.europesays.com\/de\/wp-json\/wp\/v2\/comments?post=500532"}],"version-history":[{"count":0,"href":"https:\/\/www.europesays.com\/de\/wp-json\/wp\/v2\/posts\/500532\/revisions"}],"wp:featuredmedia":[{"embeddable":true,"href":"https:\/\/www.europesays.com\/de\/wp-json\/wp\/v2\/media\/500533"}],"wp:attachment":[{"href":"https:\/\/www.europesays.com\/de\/wp-json\/wp\/v2\/media?parent=500532"}],"wp:term":[{"taxonomy":"category","embeddable":true,"href":"https:\/\/www.europesays.com\/de\/wp-json\/wp\/v2\/categories?post=500532"},{"taxonomy":"post_tag","embeddable":true,"href":"https:\/\/www.europesays.com\/de\/wp-json\/wp\/v2\/tags?post=500532"}],"curies":[{"name":"wp","href":"https:\/\/api.w.org\/{rel}","templated":true}]}}