{"id":500566,"date":"2025-10-15T12:37:20","date_gmt":"2025-10-15T12:37:20","guid":{"rendered":"https:\/\/www.europesays.com\/de\/500566\/"},"modified":"2025-10-15T12:37:20","modified_gmt":"2025-10-15T12:37:20","slug":"evangelische-kirche-zum-welternaehrungstag-hunger-verhindert-frieden","status":"publish","type":"post","link":"https:\/\/www.europesays.com\/de\/500566\/","title":{"rendered":"Evangelische Kirche zum Weltern\u00e4hrungstag: \u201eHunger verhindert Frieden\u201c"},"content":{"rendered":"<p class=\"date\">15.10.2025 \u2013 13:28<\/p>\n<p class=\"customer\">\n                        <a class=\"story-customer\" title=\"weiter zum newsroom von EKD - Evangelische Kirche in Deutschland\" href=\"https:\/\/www.presseportal.de\/nr\/55310\" rel=\"nofollow noopener\" target=\"_blank\">EKD &#8211; Evangelische Kirche in Deutschland<\/a>\n                    <\/p>\n<p><a data-category=\"citylink-story-view\" data-action=\"click\" data-label=\"Citylink in Meldungsansicht\" class=\"story-city event-trigger\" href=\"https:\/\/www.presseportal.de\/regional\/Hannover\" title=\"News aus Hannover \" rel=\"nofollow noopener\" target=\"_blank\">Hannover<\/a> (ots)<\/p>\n<ul class=\"naxml-ul\">\n<li><b>670 Millionen Menschen weltweit (8,2% der Weltbev\u00f6lkerung) leiden an Hunger (2024).<\/b><\/li>\n<li><b>Neue Friedensdenkschrift fordert den konsequenten \u201eAbbau von Ungleichheiten\u201c.<\/b><\/li>\n<li><b>EKD-Ratsvorsitzende Bisch\u00f6fin Kirsten Fehrs: \u201eKampf gegen Hunger ist auch Friedenssicherung.\u201c<\/b><\/li>\n<\/ul>\n<p>Hannover, 15. Oktober. Anl\u00e4sslich des morgigen Weltern\u00e4hrungstags fordert Bisch\u00f6fin Kirsten Fehrs, Ratsvorsitzende der Evangelischen Kirche in Deutschland (EKD), eine gerechte Weltwirtschaftsordnung, solidarische Klimapolitik und faire Handelsbeziehungen: \u201eGerechter und nachhaltiger Friede kann nicht entstehen, wenn Menschen dauerhaft von Armut, Hunger, Ausbeutung, Ausgrenzung oder fehlender Bildung betroffen sind.\u201c Der Abbau von Ungleichheiten sei zentrale ethische Dimension in der neuen Friedensdenkschrift \u201eWelt in Unordnung \u2013 Gerechter Friede im Blick\u201c. Die EKD wird sie am 10. November vorstellen.<\/p>\n<p>\u201eDer Weltern\u00e4hrungstag konfrontiert uns mit einer unertr\u00e4glichen Realit\u00e4t: Rund 670 Millionen Menschen leiden aktuell Hunger\u201c, so Bisch\u00f6fin Fehrs: \u201eein tiefgreifender Widerspruch zu unserem Verst\u00e4ndnis von menschlicher W\u00fcrde und globaler Verantwortung\u201c. Hunger sch\u00e4dige nicht nur den K\u00f6rper, sondern auch die Psyche und sei eine Quelle f\u00fcr neue Konflikte. Kampf gegen Hunger sei damit auch ein Beitrag zur Friedenssicherung.<\/p>\n<p>Denn \u201eGerechter Friede\u201c, der im Zentrum der Denkschrift steht, bedeute weit mehr als die Abwesenheit von Krieg. Vier Dimensionen, die ineinandergreifen, sind dazu essenziell: Schutz vor Gewalt, F\u00f6rderung von Freiheit, friedensf\u00f6rdernder Umgang mit Pluralit\u00e4t und Abbau von Ungleichheiten. Gerechte globale Lebensverh\u00e4ltnisse seien Basis eines stabilen und nachhaltigen Friedens. Auch die Klimagerechtigkeit sei integraler Bestandteil der Friedenspolitik. Denn der Kampf um Ressourcen und die ungleiche Verteilung der Folgen der Klimakrise k\u00f6nnen Konflikttreiber sein.<\/p>\n<p>Die Kirchen verf\u00fcgen \u2013 nicht zuletzt durch Netzwerke wie \u201eBrot f\u00fcr die Welt\u201c und die globale \u00d6kumene \u2013 \u00fcber eine gro\u00dfe Expertise beim Kampf gegen Hunger und Armut. \u201eDarum setzen wir uns daf\u00fcr ein, dass die Freiheit in Gemeinschaft Leitgedanke ist und nicht nur individuelle Interessen herrschen\u201c, so Fehrs. \u201eDenn Friede kann nur gelingen, wenn auch k\u00fcnftige Generationen in W\u00fcrde leben k\u00f6nnen.\u201c<\/p>\n<p class=\"contact-headline\">Pressekontakt:<\/p>\n<p class=\"contact-text\">Carsten Splitt<br \/>Evangelische Kirche in Deutschland<br \/>Pressestelle<br \/>Stabsstelle Kommunikation<br \/>Herrenh\u00e4user Strasse 12<br \/>D-30419 Hannover<br \/>Telefon: 0511 &#8211; 2796 &#8211; 269<br \/>E-Mail: <a href=\"https:\/\/www.presseportal.de\/pm\/55310\/mailto: presse@ekd.de\" class=\"uri-mailto\" rel=\"nofollow noopener\" target=\"_blank\"> presse@ekd.de<\/a><\/p>\n<p class=\"originator\">Original-Content von: EKD &#8211; Evangelische Kirche in Deutschland, \u00fcbermittelt durch news aktuell<\/p>\n","protected":false},"excerpt":{"rendered":"15.10.2025 \u2013 13:28 EKD &#8211; Evangelische Kirche in Deutschland Hannover (ots) 670 Millionen Menschen weltweit (8,2% der Weltbev\u00f6lkerung)&hellip;\n","protected":false},"author":2,"featured_media":386213,"comment_status":"","ping_status":"","sticky":false,"template":"","format":"standard","meta":{"footnotes":""},"categories":[1836],"tags":[3274,1140,6800,752,3364,29,553,30,15054,46,14623,1722,1411,178,180,179,181,575,6583,1458],"class_list":{"0":"post-500566","1":"post","2":"type-post","3":"status-publish","4":"format-standard","5":"has-post-thumbnail","7":"category-hannover","8":"tag-kirche","9":"tag-arbeit","10":"tag-auenpolitik","11":"tag-bildung","12":"tag-de","13":"tag-deutschland","14":"tag-familie","15":"tag-germany","16":"tag-glaube","17":"tag-hannover","18":"tag-innenpolitik","19":"tag-jugendliche","20":"tag-niedersachsen","21":"tag-presse","22":"tag-pressemeldung","23":"tag-pressemitteilung","24":"tag-pressemitteilungen","25":"tag-religion","26":"tag-senioren","27":"tag-soziales"},"share_on_mastodon":{"url":"https:\/\/pubeurope.com\/@de\/115378221433055027","error":""},"_links":{"self":[{"href":"https:\/\/www.europesays.com\/de\/wp-json\/wp\/v2\/posts\/500566","targetHints":{"allow":["GET"]}}],"collection":[{"href":"https:\/\/www.europesays.com\/de\/wp-json\/wp\/v2\/posts"}],"about":[{"href":"https:\/\/www.europesays.com\/de\/wp-json\/wp\/v2\/types\/post"}],"author":[{"embeddable":true,"href":"https:\/\/www.europesays.com\/de\/wp-json\/wp\/v2\/users\/2"}],"replies":[{"embeddable":true,"href":"https:\/\/www.europesays.com\/de\/wp-json\/wp\/v2\/comments?post=500566"}],"version-history":[{"count":0,"href":"https:\/\/www.europesays.com\/de\/wp-json\/wp\/v2\/posts\/500566\/revisions"}],"wp:featuredmedia":[{"embeddable":true,"href":"https:\/\/www.europesays.com\/de\/wp-json\/wp\/v2\/media\/386213"}],"wp:attachment":[{"href":"https:\/\/www.europesays.com\/de\/wp-json\/wp\/v2\/media?parent=500566"}],"wp:term":[{"taxonomy":"category","embeddable":true,"href":"https:\/\/www.europesays.com\/de\/wp-json\/wp\/v2\/categories?post=500566"},{"taxonomy":"post_tag","embeddable":true,"href":"https:\/\/www.europesays.com\/de\/wp-json\/wp\/v2\/tags?post=500566"}],"curies":[{"name":"wp","href":"https:\/\/api.w.org\/{rel}","templated":true}]}}