{"id":500567,"date":"2025-10-15T12:38:53","date_gmt":"2025-10-15T12:38:53","guid":{"rendered":"https:\/\/www.europesays.com\/de\/500567\/"},"modified":"2025-10-15T12:38:53","modified_gmt":"2025-10-15T12:38:53","slug":"bilanz-nach-kontrollwoche-142-mal-wurde-handy-am-steuer-genutzt","status":"publish","type":"post","link":"https:\/\/www.europesays.com\/de\/500567\/","title":{"rendered":"Bilanz nach Kontrollwoche: 142 Mal wurde Handy am Steuer genutzt"},"content":{"rendered":"<p>\n            Stand: 15.10.2025 09:05 Uhr<\/p>\n<p>                    <a href=\"https:\/\/www.europesays.com\/de\/wp-content\/uploads\/2025\/10\/polizei5158.webp\" class=\"zoomimage\" title=\"Bild vergr\u00f6\u00dfern\"><\/p>\n<p>        <img decoding=\"async\" src=\"https:\/\/www.europesays.com\/de\/wp-content\/uploads\/2025\/10\/polizei5158.webp\" alt=\"Eine Kelle der Polizei zeigt auf Halt\" title=\"Die Polizei Hannover kontrollierte in der vergangenen Woche insgesamt 380 Autos im Stadtgebiet und der Region. (Themenbild) | panthermedia, Kzenon\" class=\"responsive\" loading=\"lazy\"\/><\/p>\n<p>                    <\/a><\/p>\n<p>                    Die Polizei Hannover kontrollierte in der vergangenen Woche insgesamt 380 Autos im Stadtgebiet und der Region. (Themenbild)<\/p>\n<p class=\"\">Mehr als 140 Verst\u00f6\u00dfe hat die Polizeidirektion <a href=\"https:\/\/www.ndr.de\/nachrichten\/ndrdata\/zensus-hannover-bevoelkerung-wohnungen-familie-heizung,zensus1030.html\" title=\"Zensus-Daten f\u00fcr die Einheitsgemeinde Hannover\" rel=\"nofollow noopener\" target=\"_blank\">Hannover<\/a> im Rahmen von verst\u00e4rkten Verkehrskontrollen gegen Ablenkung am Steuer registriert. Wie ein Sprecher am Dienstag mitteilte, wurden in der vergangenen Woche insgesamt 380 Fahrzeuge kontrolliert. In 142 F\u00e4llen sei das Handy unerlaubt w\u00e4hrend der Fahrt genutzt worden, hie\u00df es. Dazu kommen den Angaben zufolge 28 Verst\u00f6\u00dfe gegen die Gurtpflicht. Auch sie wurden demnach geahndet, obwohl dieser Aspekt nicht im Fokus der Beamten stand. Die Kontrollen waren der Polizei zufolge Teil einer europaweiten Aktionswoche. &#8222;Wir f\u00fchren solche Aktionen nicht nur mit der Blickrichtung Gefahrenabwehr und Sanktionen durch, sondern auch um grunds\u00e4tzlich wachzur\u00fctteln und Aufmerksamkeit zu erzeugen. Sicherheit beginnt mit Aufmerksamkeit&#8220;, sagte Stefan Sengel, Polizeivizepr\u00e4sident der Polizeidirektion Hannover.<\/p>\n<p>        <img decoding=\"async\" src=\"https:\/\/www.europesays.com\/de\/wp-content\/uploads\/2025\/10\/blitzer808.webp\" alt=\"Ein Radarmessger\u00e4t steht am Stra\u00dfenrand.\" title=\"Ein Radarmessger\u00e4t steht am Stra\u00dfenrand. | NDR, Pavel Stoyan\" class=\"responsive\" loading=\"lazy\"\/><\/p>\n<p>In Hameln etwa fiel ein 22-j\u00e4hriger Autofahrer auf. Er war innerorts fast 40 Kilometer pro Stunde zu schnell unterwegs.<\/p>\n<p>        <img decoding=\"async\" src=\"https:\/\/www.europesays.com\/de\/wp-content\/uploads\/2025\/08\/regionalh100.webp\" alt=\"Das Rathaus am Maschsee.\" title=\"Das Rathaus am Maschsee. | NDR, Julius Matuschik\" class=\"responsive\" loading=\"lazy\"\/><\/p>\n<p>\n                                    8 Min<\/p>\n<p>Was in Ihrer Region wichtig ist, h\u00f6ren Sie in dem Mitschnitt der 15.00 Uhr Regional-Nachrichten auf NDR 1 Niedersachsen.<\/p>\n<p>Dieses Thema im Programm:<\/p>\n<p>                NDR 1 Niedersachsen | Regional Hannover | 15.10.2025 | 08:30 Uhr<\/p>\n","protected":false},"excerpt":{"rendered":"Stand: 15.10.2025 09:05 Uhr Die Polizei Hannover kontrollierte in der vergangenen Woche insgesamt 380 Autos im Stadtgebiet und&hellip;\n","protected":false},"author":2,"featured_media":500568,"comment_status":"","ping_status":"","sticky":false,"template":"","format":"standard","meta":{"footnotes":""},"categories":[1836],"tags":[59064,590,3364,29,30,125249,125247,12793,46,67566,3270,125248,14,15,1411,121,3180],"class_list":{"0":"post-500567","1":"post","2":"type-post","3":"status-publish","4":"format-standard","5":"has-post-thumbnail","7":"category-hannover","8":"tag-ablenkung","9":"tag-aktuell","10":"tag-de","11":"tag-deutschland","12":"tag-germany","13":"tag-gurtpflicht","14":"tag-h","15":"tag-handy","16":"tag-hannover","17":"tag-hannover-und-region","18":"tag-kontrollen","19":"tag-kontrollwoche","20":"tag-nachrichten","21":"tag-news","22":"tag-niedersachsen","23":"tag-polizei","24":"tag-verstoesse"},"share_on_mastodon":{"url":"https:\/\/pubeurope.com\/@de\/115378230199395246","error":""},"_links":{"self":[{"href":"https:\/\/www.europesays.com\/de\/wp-json\/wp\/v2\/posts\/500567","targetHints":{"allow":["GET"]}}],"collection":[{"href":"https:\/\/www.europesays.com\/de\/wp-json\/wp\/v2\/posts"}],"about":[{"href":"https:\/\/www.europesays.com\/de\/wp-json\/wp\/v2\/types\/post"}],"author":[{"embeddable":true,"href":"https:\/\/www.europesays.com\/de\/wp-json\/wp\/v2\/users\/2"}],"replies":[{"embeddable":true,"href":"https:\/\/www.europesays.com\/de\/wp-json\/wp\/v2\/comments?post=500567"}],"version-history":[{"count":0,"href":"https:\/\/www.europesays.com\/de\/wp-json\/wp\/v2\/posts\/500567\/revisions"}],"wp:featuredmedia":[{"embeddable":true,"href":"https:\/\/www.europesays.com\/de\/wp-json\/wp\/v2\/media\/500568"}],"wp:attachment":[{"href":"https:\/\/www.europesays.com\/de\/wp-json\/wp\/v2\/media?parent=500567"}],"wp:term":[{"taxonomy":"category","embeddable":true,"href":"https:\/\/www.europesays.com\/de\/wp-json\/wp\/v2\/categories?post=500567"},{"taxonomy":"post_tag","embeddable":true,"href":"https:\/\/www.europesays.com\/de\/wp-json\/wp\/v2\/tags?post=500567"}],"curies":[{"name":"wp","href":"https:\/\/api.w.org\/{rel}","templated":true}]}}