{"id":500584,"date":"2025-10-15T12:47:19","date_gmt":"2025-10-15T12:47:19","guid":{"rendered":"https:\/\/www.europesays.com\/de\/500584\/"},"modified":"2025-10-15T12:47:19","modified_gmt":"2025-10-15T12:47:19","slug":"mann-nach-graffiti-und-beschaedigung-an-polizeirevier-gestellt","status":"publish","type":"post","link":"https:\/\/www.europesays.com\/de\/500584\/","title":{"rendered":"Mann nach Graffiti und Besch\u00e4digung an Polizeirevier gestellt"},"content":{"rendered":"<p>\t\t\tLeipzig: Mann nach Graffiti und Besch\u00e4digung an Polizeirevier gestellt<br \/>\n\t\t\t\t\t\t\t\t\t\t\t\t<b>Blaulicht<\/b> Tatverd\u00e4chtiger mit politischer Vorgeschichte<\/p>\n<p>\t\t\t\t\t\t\t\t\t\t<img loading=\"lazy\" decoding=\"async\" src=\"https:\/\/www.europesays.com\/de\/wp-content\/uploads\/2025\/09\/disc_M50x50.png\"  alt=\"Diana Sch\u00e4fer\" width=\"50\" height=\"50\"\/><\/p>\n<p>\t\t\t\t<a id=\"whatsapp_channel_link\" href=\"https:\/\/whatsapp.com\/channel\/0029Va6RBvnLY6dCNLfeAA0c\" data-ct=\"SHARE\/WHATSAPPKANAL\" rel=\"nofollow noopener\" target=\"_blank\"><br \/>\n\t\t\t\t\t<img decoding=\"async\" alt=\"Zum Blick WhatsApp Kanal\" src=\"https:\/\/www.blick.de\/img\/WhatsApp-Kanal.svg\"\/><br \/>\n\t\t\t\t<\/a><\/p>\n<ul class=\"gallery-items\">\n<li class=\"img gallery-item\">\n<p>\t\t\t\t\t\t\t\t\t\t\t\t\t\t\t\t\t\t\t\t\t\t\t\t\t\t\t\t\t\t\t\t\t\t\t\t\t\t\t\t\t\t\t\t\t\t<img decoding=\"async\" class=\"media-image \" loading=\"eager\" src=\"https:\/\/www.europesays.com\/de\/wp-content\/uploads\/2025\/10\/17419826_W400C1480x998o0x0.jpg\" alt=\"Leipzig: Mann nach Graffiti und Besch\u00e4digung an Polizeirevier gestellt - Symbolbild.\"   style=\"&#10;&#9;&#9;&#9;aspect-ratio:1480\/998;&#10;&#9;&#9;&#9;background: url(data:image\/jpg;base64,\/9j\/4AAQSkZJRgABAQEBLAEsAAD\/2wBDAAUDBAQEAwUEBAQFBQUGBwwIBwcHBw8LCwkMEQ8SEhEPERETFhwXExQaFRERGCEYGh0dHx8fExciJCIeJBweHx7\/2wBDAQUFBQcGBw4ICA4eFBEUHh4eHh4eHh4eHh4eHh4eHh4eHh4eHh4eHh4eHh4eHh4eHh4eHh4eHh4eHh4eHh4eHh7\/wAARCAAHAAoDASIAAhEBAxEB\/8QAFgABAQEAAAAAAAAAAAAAAAAAAAUG\/8QAIRAAAgEDBAMBAAAAAAAAAAAAAQIDAAQRBQcSIQYiQXH\/xAAVAQEBAAAAAAAAAAAAAAAAAAACBf\/EAB0RAAICAgMBAAAAAAAAAAAAAAEEAgMAIRIxQZH\/2gAMAwEAAhEDEQA\/AItnudo15MLuLTVfVbaJSLuRXHJwACxXkVHtg9AflZmbdbyIzOWnsyxYk8WnAzn4M9UpVpxNa+wGdcdAeY1GmF6eMbCdns7+5\/\/Z) no-repeat left top; background-size: cover;&#9;&#9;&#9;height: 100%;&#9;&#9;\"\/><\/p>\n<p>\n\t\t\t\t\t\t\t\t\tSymbolbild. Foto: Chalabala\/Adobe Stock\n\t\t\t\t\t\t\t\t<\/p>\n<\/li>\n<\/ul>\n<p>\t\t\t\t\t\t\t\t\t\t\t\t\t\t\t\t\t\t\t\t\t\t\t\t\t\t\t\t\t\t<b class=\"ortsmarke\">Leipzig.<\/b>\u00a0<\/p>\n<p>In der Nacht zu Mittwoch konnten Polizeibeamte einen 24-j\u00e4hrigen Mann festnehmen, nachdem er mutma\u00dflich das Polizeigeb\u00e4ude in der Wei\u00dfenfelser Stra\u00dfe beschmiert und besch\u00e4digt hatte.<\/p>\n<p>\t\t\t\t\t\t\t\t\t\t\t\t\t\t\t\t\t\tGraffiti und Besch\u00e4digungen an der Fassade<\/p>\n<p>Gegen 0:30 Uhr bemerkte die <a href=\"https:\/\/www.blick.de\/thema\/organisation\/polizei\" title=\"Polizei\" class=\"internal-article-link\" data-ct=\"ENTITY\/ORGANISATION\/POLIZEI\" rel=\"nofollow noopener\" target=\"_blank\">Polizei<\/a> zwei Personen, die Graffiti an der Au\u00dfenstelle des Polizeireviers Leipzig-S\u00fcdwest anbrachten. Die Beamten stellten an der Geb\u00e4udefassade graue und braune Farbsubstanzen auf einer Fl\u00e4che von etwa 20 x 5 Metern sowie mehrere Einschl\u00e4ge in Fensterscheiben fest.<\/p>\n<p>\t\t\t\t\t\t\t\t\t\t\t\t\t\t\t\t\t\tTatverd\u00e4chtiger bei Fahndung gestellt<\/p>\n<p>Im Rahmen der Tatortbereichsfahndung fielen den Polizisten auf H\u00f6he der Kreuzung K\u00f6nneritzstra\u00dfe\/Industriestra\u00dfe zwei Radfahrer auf. Einer der Radfahrer ergriff sofort die Flucht, w\u00e4hrend der andere kontrolliert werden konnte. Bei der Kontrolle fanden die Beamten Hinweise, die den 24-J\u00e4hrigen als Tatverd\u00e4chtigen identifizierten.<\/p>\n<p>\t\t\t\t\t\t\t\t\t\t\t\t\t\t\t\t\t\tBekannte Vorstrafen und Einsatz von F\u00e4hrtenhund<\/p>\n<p>Der Tatverd\u00e4chtige war bereits polizeibekannt, unter anderem wegen politisch motivierter Straftaten. Zur Unterst\u00fctzung der Ma\u00dfnahmen kam ein F\u00e4hrtenhund zum Einsatz.<\/p>\n<p>\t\t\t\t\t\t\t\t\t\t\t\t\t\t\t\t\t\tErmittlungen wegen Sachbesch\u00e4digung und politischer Motivation<\/p>\n<p>Auf Anordnung der Staatsanwaltschaft wurde das Mobiltelefon des Mannes beschlagnahmt. Der polizeiliche Staatsschutz der Polizeidirektion <a href=\"https:\/\/www.blick.de\/thema\/ort\/leipzig\" title=\"Leipzig\" class=\"internal-article-link\" data-ct=\"ENTITY\/LOCATION\/LEIPZIG\" rel=\"nofollow noopener\" target=\"_blank\">Leipzig<\/a> hat die Ermittlungen wegen Sachbesch\u00e4digung aufgenommen, da eine politische Motivation f\u00fcr die Tat wahrscheinlich ist.<\/p>\n","protected":false},"excerpt":{"rendered":"Leipzig: Mann nach Graffiti und Besch\u00e4digung an Polizeirevier gestellt Blaulicht Tatverd\u00e4chtiger mit politischer Vorgeschichte Symbolbild. Foto: Chalabala\/Adobe Stock&hellip;\n","protected":false},"author":2,"featured_media":500585,"comment_status":"","ping_status":"","sticky":false,"template":"","format":"standard","meta":{"footnotes":""},"categories":[1832],"tags":[3364,29,30,17318,71,859],"class_list":{"0":"post-500584","1":"post","2":"type-post","3":"status-publish","4":"format-standard","5":"has-post-thumbnail","7":"category-leipzig","8":"tag-de","9":"tag-deutschland","10":"tag-germany","11":"tag-kriminalitaet-verstoesse","12":"tag-leipzig","13":"tag-sachsen"},"share_on_mastodon":{"url":"https:\/\/pubeurope.com\/@de\/115378260891078277","error":""},"_links":{"self":[{"href":"https:\/\/www.europesays.com\/de\/wp-json\/wp\/v2\/posts\/500584","targetHints":{"allow":["GET"]}}],"collection":[{"href":"https:\/\/www.europesays.com\/de\/wp-json\/wp\/v2\/posts"}],"about":[{"href":"https:\/\/www.europesays.com\/de\/wp-json\/wp\/v2\/types\/post"}],"author":[{"embeddable":true,"href":"https:\/\/www.europesays.com\/de\/wp-json\/wp\/v2\/users\/2"}],"replies":[{"embeddable":true,"href":"https:\/\/www.europesays.com\/de\/wp-json\/wp\/v2\/comments?post=500584"}],"version-history":[{"count":0,"href":"https:\/\/www.europesays.com\/de\/wp-json\/wp\/v2\/posts\/500584\/revisions"}],"wp:featuredmedia":[{"embeddable":true,"href":"https:\/\/www.europesays.com\/de\/wp-json\/wp\/v2\/media\/500585"}],"wp:attachment":[{"href":"https:\/\/www.europesays.com\/de\/wp-json\/wp\/v2\/media?parent=500584"}],"wp:term":[{"taxonomy":"category","embeddable":true,"href":"https:\/\/www.europesays.com\/de\/wp-json\/wp\/v2\/categories?post=500584"},{"taxonomy":"post_tag","embeddable":true,"href":"https:\/\/www.europesays.com\/de\/wp-json\/wp\/v2\/tags?post=500584"}],"curies":[{"name":"wp","href":"https:\/\/api.w.org\/{rel}","templated":true}]}}