{"id":500621,"date":"2025-10-15T13:06:12","date_gmt":"2025-10-15T13:06:12","guid":{"rendered":"https:\/\/www.europesays.com\/de\/500621\/"},"modified":"2025-10-15T13:06:12","modified_gmt":"2025-10-15T13:06:12","slug":"sicherheit-von-schulwegen-untersucht-eltern-gefaehrden-ihre-kinder","status":"publish","type":"post","link":"https:\/\/www.europesays.com\/de\/500621\/","title":{"rendered":"Sicherheit von Schulwegen untersucht: Eltern gef\u00e4hrden ihre Kinder"},"content":{"rendered":"<p class=\"tspBHk0 tspBHk1\">Keine Ampel, schneller Autoverkehr und jeden Morgen Elterntaxi-Chaos: Mehr als ein Drittel der Schulwege in Deutschland ist mangelhaft oder sogar gef\u00e4hrlich, nur jeder 20. kann als sicher gelten. Das hat der Auto Club Europa (ACE) bei einer Untersuchung an 167 Grundschulen herausgefunden, davon vier in Berlin.<\/p>\n<p class=\"tspBHk0\">F\u00fcr die Studie haben 700 Ehrenamtliche zwischen April und Juli Infrastruktur und Verkehr vor Grundschulen in allen Bundesl\u00e4ndern nach einheitlichen Kriterien dokumentiert. Bei der Pr\u00e4sentation der Ergebnisse am Mittwoch in Berlin beschrieb Stefanie Radtke, Leiterin der Jeanne-Barez-Grundschule in Franz\u00f6sisch Buchholz \u2013 der gr\u00f6\u00dften im Bezirk Pankow \u2013, die t\u00e4glichen Probleme: Vor einem der beiden Schulstandorte fahre die Tram auf Schottergleisen ohne Querungsstelle in der Fahrbahnmitte. Die Kinder hielten sich davon fern, \u201eaber nicht die Eltern\u201c; manche \u201eziehen ihre Kinder hinter sich her\u201c.<\/p>\n<p>27.260<\/p>\n<p><strong>Kinder<\/strong> bis 14 Jahre verungl\u00fcckten 2024 auf Deutschlands Stra\u00dfen<\/p>\n<p class=\"tspBHk0\">\u00c4rger machten auch die Elterntaxis: \u201eManche parken gnadenlos auf dem Radweg; es wird alles genutzt, was da ist.\u201c Fast monatlich gebe es Unf\u00e4lle an einer Supermarktzufahrt neben der Schule, in die vor allem Linksabbieger r\u00fccksichtslos einb\u00f6gen. <a href=\"https:\/\/www.tagesspiegel.de\/berlin\/berlins-verkehrssenatorin-zur-schulwegsicherheit-wir-konnen-nicht-nach-gutdunken-tempo-30-anordnen-14162747.html?icid=in-text-link_14567606\" class=\"link link--internal\" data-gtm-class=\"article-text-link\" data-gtm-val=\"internal\" target=\"_blank\" rel=\"noopener\">Einen Zebrastreifen<\/a> habe man der Verwaltung nur dank Hilfe von Eltern und Demos abtrotzen k\u00f6nnen. <\/p>\n<p> Wenn auf dem Display \u201eLangsam!\u201c blinkt, bremsen die meisten <\/p>\n<p class=\"tspBHk0\">Als gro\u00dfen Gewinn beschreibt die Schulleiterin ein im April installiertes \u201eDialog-Display\u201c: 95 Prozent der zu schnellen Autofahrer w\u00fcrden abbremsen, wenn sie das rot blinkende \u201eLangsam!\u201c s\u00e4hen. Als N\u00e4chstes wolle man sich um die Verl\u00e4ngerung des kurzen und von \u201eerstaunlich vielen Eltern\u201c missachteten <a href=\"https:\/\/www.tagesspiegel.de\/berlin\/koalitionsstreit-um-tempo-50-spd-politiker-nennt-berlins-verkehrssenatorin-bonde-marionette-14205272.html?icid=in-text-link_14567606\" class=\"link link--internal\" data-gtm-class=\"article-text-link\" data-gtm-val=\"internal\" target=\"_blank\" rel=\"noopener\">Tempo-30-Bereichs<\/a> vor der Schule bem\u00fchen.<\/p>\n<p class=\"tspBHk0\">Die Jeanne-Barez-Grundschule erhielt ebenso wie die anderen drei, die der ACE \u2013 unterst\u00fctzt von Freiwilligen und dem Deutschen Verkehrssicherheitsrat \u2013 in Berlin untersucht hat, das Gesamturteil \u201ein Ordnung\u201c. Die Bewertung speist sich zum einen aus dem Elterntaxiverkehr, der immerhin zu 80 Prozent fehlerfrei ablief, also ohne gef\u00e4hrliche Rangierman\u00f6ver, Stopps im Halteverbot oder nach links aussteigende Kinder.<\/p>\n<blockquote class=\"tspBQlt\">\n<p>Eltern sind Schl\u00fcsselakteure \u2013 wir pr\u00e4gen das Verhalten unserer Kinder.<\/p>\n<\/blockquote>\n<p class=\"tspBQlu\"><strong>Sven-Peter Rudolph<\/strong>, Pr\u00e4sident des Auto Club Europa<\/p>\n<p class=\"tspBHk0\">Bei der Infrastruktur kommt die Schule mit zehn von 14 m\u00f6glichen Punkten ebenfalls relativ gut weg. Punktabzug gab es f\u00fcr den schlechten Zustand der Gehwege, fehlende Verkehrshelfer, Zebrastreifen, Mittelinseln, Barrieren wie Absperrgitter \u2013 und weil der Bereich vor der Schule nicht verkehrsberuhigt ist. Letzteres \u201eist f\u00fcr uns die Benchmark\u201c, sagt Studienleiter Falk Hoffmann.<\/p>\n<p> Zwei Schulen in Treptow-K\u00f6penick bekommen gute Noten <\/p>\n<p class=\"tspBHk0\">Noch einen Punkt mehr f\u00fcr die Infrastruktur erh\u00e4lt die Johann-Strau\u00df-Grundschule in Biesdorf, die allerdings trotz vorhandener Elterntaxi-Haltestelle beim Bringverkehr relativ schlecht abschneidet: nur 69 Prozent des Elterntaxiverkehrs verliefen dort fehlerfrei. Besser lief es an zwei Schulen in Treptow-K\u00f6penick \u2013 obwohl vor der Schule an den P\u00fcttbergen in Rahnsdorf viele Eltern in der Einfahrt hielten, was auch an fehlenden Alternativen lag. Am besten schnitt beim Thema Elterntaxis die Grundschule am Berg in Altglienicke ab.<\/p>\n<p> Mehr zur Verkehrssicherheit f\u00fcr Kinder in Berlin <a href=\"https:\/\/www.tagesspiegel.de\/berlin\/umfrage-unter-tagesspiegel-lesern-das-sind-die-grossten-gefahren-auf-berlins-schulwegen-14348573.html?icid=topic-list_14567606___\" data-gtm-class=\"article-mzt-link\" class=\"tspBRlv\" target=\"_blank\" rel=\"noopener\">Umfrage unter Tagesspiegel-Lesern Das sind die gr\u00f6\u00dften Gefahren auf Berlins Schulwegen <\/a><a href=\"https:\/\/www.tagesspiegel.de\/berlin\/weniger-blitzer-sparen-bei-der-verkehrserziehung-dem-senat-ist-die-sicherheit-der-berliner-gleichgultig-14446151.html?icid=topic-list_14567606___\" data-gtm-class=\"article-mzt-link\" class=\"tspBRlv\" target=\"_blank\" rel=\"noopener\">Weniger Blitzer, Sparen bei der Verkehrserziehung \u201eDem Senat ist die Sicherheit der Berliner gleichg\u00fcltig\u201c <\/a><a href=\"https:\/\/www.tagesspiegel.de\/berlin\/schule\/zu-fuss-auf-dem-rad-mit-bus-und-bahn-tipps-fur-einen-sicheren-schulweg-im-berliner-verkehr-14165300.html?icid=topic-list_14567606___\" data-gtm-class=\"article-mzt-link\" class=\"tspBRlv\" target=\"_blank\" rel=\"noopener\">Zu Fu\u00df, auf dem Rad, mit Bus und Bahn Tipps f\u00fcr einen sicheren Schulweg im Berliner Verkehr <\/a><\/p>\n<p class=\"tspBHk0\">Den bundesweiten Spitzenplatz in diesem Punkt erreichte mit 100 Prozent korrektem Verhalten die  Grundschule am Waldrand im brandenburgischen Schwedt. Am schlechtesten schnitt mit nur 14 Prozent eine Schule im baden-w\u00fcrttembergischen Pforzheim ab.<\/p>\n","protected":false},"excerpt":{"rendered":"Keine Ampel, schneller Autoverkehr und jeden Morgen Elterntaxi-Chaos: Mehr als ein Drittel der Schulwege in Deutschland ist mangelhaft&hellip;\n","protected":false},"author":2,"featured_media":500622,"comment_status":"","ping_status":"","sticky":false,"template":"","format":"standard","meta":{"footnotes":""},"categories":[1825],"tags":[5871,296,29,1923,30,56,530,966,5917],"class_list":{"0":"post-500621","1":"post","2":"type-post","3":"status-publish","4":"format-standard","5":"has-post-thumbnail","7":"category-berlin","8":"tag-grundschule","9":"tag-berlin","10":"tag-deutschland","11":"tag-fahrrad-und-verkehr","12":"tag-germany","13":"tag-marzahn-hellersdorf","14":"tag-pankow","15":"tag-schule","16":"tag-treptow-koepenick"},"share_on_mastodon":{"url":"https:\/\/pubeurope.com\/@de\/115378335563513244","error":""},"_links":{"self":[{"href":"https:\/\/www.europesays.com\/de\/wp-json\/wp\/v2\/posts\/500621","targetHints":{"allow":["GET"]}}],"collection":[{"href":"https:\/\/www.europesays.com\/de\/wp-json\/wp\/v2\/posts"}],"about":[{"href":"https:\/\/www.europesays.com\/de\/wp-json\/wp\/v2\/types\/post"}],"author":[{"embeddable":true,"href":"https:\/\/www.europesays.com\/de\/wp-json\/wp\/v2\/users\/2"}],"replies":[{"embeddable":true,"href":"https:\/\/www.europesays.com\/de\/wp-json\/wp\/v2\/comments?post=500621"}],"version-history":[{"count":0,"href":"https:\/\/www.europesays.com\/de\/wp-json\/wp\/v2\/posts\/500621\/revisions"}],"wp:featuredmedia":[{"embeddable":true,"href":"https:\/\/www.europesays.com\/de\/wp-json\/wp\/v2\/media\/500622"}],"wp:attachment":[{"href":"https:\/\/www.europesays.com\/de\/wp-json\/wp\/v2\/media?parent=500621"}],"wp:term":[{"taxonomy":"category","embeddable":true,"href":"https:\/\/www.europesays.com\/de\/wp-json\/wp\/v2\/categories?post=500621"},{"taxonomy":"post_tag","embeddable":true,"href":"https:\/\/www.europesays.com\/de\/wp-json\/wp\/v2\/tags?post=500621"}],"curies":[{"name":"wp","href":"https:\/\/api.w.org\/{rel}","templated":true}]}}