{"id":500687,"date":"2025-10-15T13:40:17","date_gmt":"2025-10-15T13:40:17","guid":{"rendered":"https:\/\/www.europesays.com\/de\/500687\/"},"modified":"2025-10-15T13:40:17","modified_gmt":"2025-10-15T13:40:17","slug":"chance-auf-karten-fuer-heimspiel-des-wuppertaler-sv-gegen-bochum","status":"publish","type":"post","link":"https:\/\/www.europesays.com\/de\/500687\/","title":{"rendered":"Chance auf Karten f\u00fcr Heimspiel des Wuppertaler SV gegen Bochum"},"content":{"rendered":"<p class=\"text_ohne_einzug richtext text-em-55 !leading-serif mx-6 desktop:mx-0\">Zwei Ausw\u00e4rtssiege in Folge in Liga der Liga und am Dienstag das 1:0 in Schonnebeck, womit das Viertelfinale im Niederrheinpokal erreicht ist \u2013 sportlich hat Fu\u00dfball-Regionalligist Wuppertaler SV gerade eine gute Zeit. Und die soll m\u00f6glichst am Samstag fortgesetzt werden, wenn Tabellennachbar VfL Bochum U 23 zur ungew\u00f6hnlichen Ansto\u00dfzeit von 18 Uhr ins Stadion am Zoo kommt. Mit einem weiteren Sieg k\u00f6nnte der WSV sich erst einmal von der Abstiegszone l\u00f6sen. Sie k\u00f6nnen mit etwas Gl\u00fcck kostenlos dabei sein, wenn sie folgende Frage richtig beantworten: Welcher Spieler, der in der VfL U 23 eine tragende Rolle einnimmt, hat auch schon f\u00fcr den WSV gespielt? Unter den richtigen Einsendern verschenken wir f\u00fcnf Mal zwei Karten. Ihre Antwort bitte bis Freitag, 12 Uhr, per Mail an<\/p>\n","protected":false},"excerpt":{"rendered":"Zwei Ausw\u00e4rtssiege in Folge in Liga der Liga und am Dienstag das 1:0 in Schonnebeck, womit das Viertelfinale&hellip;\n","protected":false},"author":2,"featured_media":500688,"comment_status":"","ping_status":"","sticky":false,"template":"","format":"standard","meta":{"footnotes":""},"categories":[1839],"tags":[7507,3364,29,30,12353,1209,13371,6227,6500],"class_list":{"0":"post-500687","1":"post","2":"type-post","3":"status-publish","4":"format-standard","5":"has-post-thumbnail","7":"category-bochum","8":"tag-bochum","9":"tag-de","10":"tag-deutschland","11":"tag-germany","12":"tag-karten","13":"tag-nordrhein-westfalen","14":"tag-vfl","15":"tag-wsv","16":"tag-zoo"},"share_on_mastodon":{"url":"https:\/\/pubeurope.com\/@de\/115378469476904806","error":""},"_links":{"self":[{"href":"https:\/\/www.europesays.com\/de\/wp-json\/wp\/v2\/posts\/500687","targetHints":{"allow":["GET"]}}],"collection":[{"href":"https:\/\/www.europesays.com\/de\/wp-json\/wp\/v2\/posts"}],"about":[{"href":"https:\/\/www.europesays.com\/de\/wp-json\/wp\/v2\/types\/post"}],"author":[{"embeddable":true,"href":"https:\/\/www.europesays.com\/de\/wp-json\/wp\/v2\/users\/2"}],"replies":[{"embeddable":true,"href":"https:\/\/www.europesays.com\/de\/wp-json\/wp\/v2\/comments?post=500687"}],"version-history":[{"count":0,"href":"https:\/\/www.europesays.com\/de\/wp-json\/wp\/v2\/posts\/500687\/revisions"}],"wp:featuredmedia":[{"embeddable":true,"href":"https:\/\/www.europesays.com\/de\/wp-json\/wp\/v2\/media\/500688"}],"wp:attachment":[{"href":"https:\/\/www.europesays.com\/de\/wp-json\/wp\/v2\/media?parent=500687"}],"wp:term":[{"taxonomy":"category","embeddable":true,"href":"https:\/\/www.europesays.com\/de\/wp-json\/wp\/v2\/categories?post=500687"},{"taxonomy":"post_tag","embeddable":true,"href":"https:\/\/www.europesays.com\/de\/wp-json\/wp\/v2\/tags?post=500687"}],"curies":[{"name":"wp","href":"https:\/\/api.w.org\/{rel}","templated":true}]}}