{"id":500743,"date":"2025-10-15T14:11:15","date_gmt":"2025-10-15T14:11:15","guid":{"rendered":"https:\/\/www.europesays.com\/de\/500743\/"},"modified":"2025-10-15T14:11:15","modified_gmt":"2025-10-15T14:11:15","slug":"miniso-eroeffnet-auf-500-quadratmetern-an-der-flinger-strasse","status":"publish","type":"post","link":"https:\/\/www.europesays.com\/de\/500743\/","title":{"rendered":"Miniso er\u00f6ffnet auf 500 Quadratmetern an der Flinger Stra\u00dfe"},"content":{"rendered":"<p class=\"text_ohne_einzug richtext text-em-55 !leading-serif mx-6 desktop:mx-0\"> Wer noch nie von Miniso geh\u00f6rt hat, sollte diese Fakten kennen: Die Einzelhandelskette hat 7100 Gesch\u00e4fte weltweit und betreibt als einziges chinesisches Unternehmen einen Laden am Times Square in New York City. Neuer\u00f6ffnungen sorgen h\u00e4ufig f\u00fcr lange Schlangen, so geschehen im Sommer im Centro <a href=\"https:\/\/rp-online.de\/thema\/oberhausen\/\" target=\"_blank\" rel=\"noopener\">Oberhausen<\/a>. Demn\u00e4chst k\u00f6nnte es auch inmitten der D\u00fcsseldorfer Altstadt zu \u00e4hnlichen Szenen kommen.<\/p>\n","protected":false},"excerpt":{"rendered":"Wer noch nie von Miniso geh\u00f6rt hat, sollte diese Fakten kennen: Die Einzelhandelskette hat 7100 Gesch\u00e4fte weltweit und&hellip;\n","protected":false},"author":2,"featured_media":500744,"comment_status":"","ping_status":"","sticky":false,"template":"","format":"standard","meta":{"footnotes":""},"categories":[1831],"tags":[2922,3364,29,3405,30,125278,1209,37588,53689],"class_list":{"0":"post-500743","1":"post","2":"type-post","3":"status-publish","4":"format-standard","5":"has-post-thumbnail","7":"category-duesseldorf","8":"tag-altstadt","9":"tag-de","10":"tag-deutschland","11":"tag-duesseldorf","12":"tag-germany","13":"tag-miniso","14":"tag-nordrhein-westfalen","15":"tag-quadratmetern","16":"tag-weltweit"},"share_on_mastodon":{"url":"https:\/\/pubeurope.com\/@de\/115378591230444599","error":""},"_links":{"self":[{"href":"https:\/\/www.europesays.com\/de\/wp-json\/wp\/v2\/posts\/500743","targetHints":{"allow":["GET"]}}],"collection":[{"href":"https:\/\/www.europesays.com\/de\/wp-json\/wp\/v2\/posts"}],"about":[{"href":"https:\/\/www.europesays.com\/de\/wp-json\/wp\/v2\/types\/post"}],"author":[{"embeddable":true,"href":"https:\/\/www.europesays.com\/de\/wp-json\/wp\/v2\/users\/2"}],"replies":[{"embeddable":true,"href":"https:\/\/www.europesays.com\/de\/wp-json\/wp\/v2\/comments?post=500743"}],"version-history":[{"count":0,"href":"https:\/\/www.europesays.com\/de\/wp-json\/wp\/v2\/posts\/500743\/revisions"}],"wp:featuredmedia":[{"embeddable":true,"href":"https:\/\/www.europesays.com\/de\/wp-json\/wp\/v2\/media\/500744"}],"wp:attachment":[{"href":"https:\/\/www.europesays.com\/de\/wp-json\/wp\/v2\/media?parent=500743"}],"wp:term":[{"taxonomy":"category","embeddable":true,"href":"https:\/\/www.europesays.com\/de\/wp-json\/wp\/v2\/categories?post=500743"},{"taxonomy":"post_tag","embeddable":true,"href":"https:\/\/www.europesays.com\/de\/wp-json\/wp\/v2\/tags?post=500743"}],"curies":[{"name":"wp","href":"https:\/\/api.w.org\/{rel}","templated":true}]}}