{"id":500918,"date":"2025-10-15T15:42:10","date_gmt":"2025-10-15T15:42:10","guid":{"rendered":"https:\/\/www.europesays.com\/de\/500918\/"},"modified":"2025-10-15T15:42:10","modified_gmt":"2025-10-15T15:42:10","slug":"berlin-brandenburg-brandstiftung-vor-gefaengnissen-clan-mitglieder-angeklagt","status":"publish","type":"post","link":"https:\/\/www.europesays.com\/de\/500918\/","title":{"rendered":"Berlin &#038; Brandenburg: Brandstiftung vor Gef\u00e4ngnissen &#8211; Clan-Mitglieder angeklagt"},"content":{"rendered":"<p>                    Berlin &amp; Brandenburg<br \/>\n                Brandstiftung vor Gef\u00e4ngnissen &#8211; Clan-Mitglieder angeklagt<\/p>\n<p>\t\t\t\t              15.10.2025, 17:41 Uhr<\/p>\n<p><strong>Mehrfach haben vor Berliner Gef\u00e4ngnissen Autos gebrannt. Fahrzeuge von Vollzugsbeamten wurden besch\u00e4digt. Die Ermittlungen f\u00fchren ins Clan-Milieu.<\/strong><\/p>\n<p>Berlin (dpa\/bb) &#8211; Mehrere Fahrzeugbr\u00e4nde vor Berliner Gef\u00e4ngnissen gehen nach \u00dcberzeugung der Staatsanwaltschaft auf das Konto von Mitgliedern einer bekannten arabischen Gro\u00dffamilie. Die Beh\u00f6rde hat Anklage gegen insgesamt vier M\u00e4nner erhoben, wie ein Sprecher mitteilte. Gegen einen 47-J\u00e4hrigen, der zurzeit im Gef\u00e4ngnis Pl\u00f6tzensee sitzt, laufen die Ermittlungen nach seinen Angaben noch in einem gesonderten Verfahren weiter. Der Mann steht im Verdacht, einen fr\u00fcheren Mith\u00e4ftling mit Brandstiftungen beauftragt zu haben.\u00a0<\/p>\n<p>Im vergangenen Jahr brannten mehrfach Fahrzeuge vor verschiedenen Haftanstalten. Die nun angeklagten drei M\u00e4nner im Alter von 22 Jahren und ein 27-J\u00e4hriger sollen f\u00fcr Taten zwischen M\u00e4rz und Juni 2024 in Berlin und im brandenburgischen Gro\u00dfbeeren verantwortlich sein oder dazu angestiftet haben. Drei von ihnen geh\u00f6ren laut Staatsanwaltschaft der Gro\u00dffamilie an.\u00a0<\/p>\n<p>Anstiftung von Clan-Mitglied?<\/p>\n<p>Die erste Tat am 16. M\u00e4rz 2024 richtete sich nach den Ermittlungen gezielt gegen das Auto eines Beamten des Gef\u00e4ngnisses Heidering, der am Tag zuvor in dem Haftraum eines Clan-Mitglieds ein Mobiltelefon beschlagnahmt hatte. Im Auftrag des 27-J\u00e4hrigen soll einer der 22-J\u00e4hrigen versucht haben, den Wagen anzuz\u00fcnden.\u00a0<\/p>\n<p>Der junge Mann soll f\u00fcr drei weitere Brandstiftungen verantwortlich sein. Nach \u00dcberzeugung der Staatsanwaltschaft setzte er unter anderem mit einem 22 Jahre alten Angeh\u00f6rigen des 27-J\u00e4hrigen am Abend des 23. April 2024 neun Fahrzeuge vor der Haftanstalt Heidering in Brand, am 8. Juni 2024 dann an der JVA Moabit sieben weitere.\u00a0<\/p>\n<p>Verd\u00e4chtige sind in Haft\u00a0<\/p>\n<p>Ein dritter 22-J\u00e4hriger steht im Verdacht, von den Brandstiftungen gewusst und diese nicht angezeigt zu haben. M\u00f6glicherweise habe er aber auch zu den Taten angestiftet, so die Staatsanwaltschaft.\u00a0<\/p>\n<p>Der angeklagte 27-J\u00e4hrige verb\u00fc\u00dft nach den Angaben derzeit eine Freiheitsstrafe von f\u00fcnfeinhalb Jahren wegen Drogenhandels. Die beiden j\u00fcngeren M\u00e4nner befinden sich in Untersuchungshaft.\u00a0<\/p>\n<p>Mehrere Durchsuchungen\u00a0<\/p>\n<p>Im Zuge der Ermittlungen gab es im Dezember 2024 eine gro\u00dfe Razzia in Berlin, bei der mehr als 140 Polizisten Wohnungen im Stadtgebiet durchsuchten. Auch in Gef\u00e4ngnissen, wo die M\u00e4nner einsitzen, gab es solche Eins\u00e4tze.\u00a0<\/p>\n<p>Der Begriff Clankriminalit\u00e4t ist umstritten, weil er nach Ansicht von Kritikern Menschen mit Migrationshintergrund allein aufgrund ihrer Familienzugeh\u00f6rigkeit und Herkunft stigmatisiert und diskriminiert.<\/p>\n","protected":false},"excerpt":{"rendered":"Berlin &amp; Brandenburg Brandstiftung vor Gef\u00e4ngnissen &#8211; Clan-Mitglieder angeklagt 15.10.2025, 17:41 Uhr Mehrfach haben vor Berliner Gef\u00e4ngnissen Autos&hellip;\n","protected":false},"author":2,"featured_media":500919,"comment_status":"","ping_status":"","sticky":false,"template":"","format":"standard","meta":{"footnotes":""},"categories":[1816],"tags":[1960,1958,1959,1957,296,1956,1890,4852,125323,29,125322,30],"class_list":{"0":"post-500918","1":"post","2":"type-post","3":"status-publish","4":"format-standard","5":"has-post-thumbnail","7":"category-brandenburg","8":"tag-aktuelle-nachrichten-aus-berlin-und-brandenburg","9":"tag-aktuelle-nachrichten-aus-brandenburg","10":"tag-aktuelle-news-aus-berlin-und-brandenburg","11":"tag-aktuelle-news-aus-brandenburg","12":"tag-berlin","13":"tag-berlin-und-brandenburg","14":"tag-brandenburg","15":"tag-brandstiftung","16":"tag-clan-mitglieder","17":"tag-deutschland","18":"tag-gefaengnissen","19":"tag-germany"},"share_on_mastodon":{"url":"https:\/\/pubeurope.com\/@de\/115378949058898528","error":""},"_links":{"self":[{"href":"https:\/\/www.europesays.com\/de\/wp-json\/wp\/v2\/posts\/500918","targetHints":{"allow":["GET"]}}],"collection":[{"href":"https:\/\/www.europesays.com\/de\/wp-json\/wp\/v2\/posts"}],"about":[{"href":"https:\/\/www.europesays.com\/de\/wp-json\/wp\/v2\/types\/post"}],"author":[{"embeddable":true,"href":"https:\/\/www.europesays.com\/de\/wp-json\/wp\/v2\/users\/2"}],"replies":[{"embeddable":true,"href":"https:\/\/www.europesays.com\/de\/wp-json\/wp\/v2\/comments?post=500918"}],"version-history":[{"count":0,"href":"https:\/\/www.europesays.com\/de\/wp-json\/wp\/v2\/posts\/500918\/revisions"}],"wp:featuredmedia":[{"embeddable":true,"href":"https:\/\/www.europesays.com\/de\/wp-json\/wp\/v2\/media\/500919"}],"wp:attachment":[{"href":"https:\/\/www.europesays.com\/de\/wp-json\/wp\/v2\/media?parent=500918"}],"wp:term":[{"taxonomy":"category","embeddable":true,"href":"https:\/\/www.europesays.com\/de\/wp-json\/wp\/v2\/categories?post=500918"},{"taxonomy":"post_tag","embeddable":true,"href":"https:\/\/www.europesays.com\/de\/wp-json\/wp\/v2\/tags?post=500918"}],"curies":[{"name":"wp","href":"https:\/\/api.w.org\/{rel}","templated":true}]}}