{"id":500922,"date":"2025-10-15T15:44:11","date_gmt":"2025-10-15T15:44:11","guid":{"rendered":"https:\/\/www.europesays.com\/de\/500922\/"},"modified":"2025-10-15T15:44:11","modified_gmt":"2025-10-15T15:44:11","slug":"ich-gehe-mit-meinen-kindern-nicht-in-eine-obdachlosenunterkunft","status":"publish","type":"post","link":"https:\/\/www.europesays.com\/de\/500922\/","title":{"rendered":"\u201eIch gehe mit meinen Kindern nicht in eine Obdachlosenunterkunft\u201c"},"content":{"rendered":"<p class=\"tspBHk0 tspBHk1\">Es ist ein Dienstagabend, knapp zehn Menschen stehen vor einem hohen gelben Mehrfamilienhaus in der N\u00e4he vom Nollendorfplatz. Eine junge Familie mit zwei kleinen Kindern ist darunter, der Junge ist in eine Decke gewickelt. Die Temperatur betr\u00e4gt zehn Grad, doch die Winterjacke des Kindes befindet sich wie so viele andere Kleidungsst\u00fccke in der Wohnung der Familie. Und dorthin k\u00f6nnen sie nicht zur\u00fcck, schon seit Wochen nicht. Keiner der rund 70 Mieter und Mieterinnen des Hauses kann zurzeit zur\u00fcck in die Wohnung.<\/p>\n","protected":false},"excerpt":{"rendered":"Es ist ein Dienstagabend, knapp zehn Menschen stehen vor einem hohen gelben Mehrfamilienhaus in der N\u00e4he vom Nollendorfplatz.&hellip;\n","protected":false},"author":2,"featured_media":500923,"comment_status":"","ping_status":"","sticky":false,"template":"","format":"standard","meta":{"footnotes":""},"categories":[1825],"tags":[296,29,553,30,7134,528],"class_list":{"0":"post-500922","1":"post","2":"type-post","3":"status-publish","4":"format-standard","5":"has-post-thumbnail","7":"category-berlin","8":"tag-berlin","9":"tag-deutschland","10":"tag-familie","11":"tag-germany","12":"tag-mieten","13":"tag-tempelhof-schoeneberg"},"share_on_mastodon":{"url":"https:\/\/pubeurope.com\/@de\/115378957019847454","error":""},"_links":{"self":[{"href":"https:\/\/www.europesays.com\/de\/wp-json\/wp\/v2\/posts\/500922","targetHints":{"allow":["GET"]}}],"collection":[{"href":"https:\/\/www.europesays.com\/de\/wp-json\/wp\/v2\/posts"}],"about":[{"href":"https:\/\/www.europesays.com\/de\/wp-json\/wp\/v2\/types\/post"}],"author":[{"embeddable":true,"href":"https:\/\/www.europesays.com\/de\/wp-json\/wp\/v2\/users\/2"}],"replies":[{"embeddable":true,"href":"https:\/\/www.europesays.com\/de\/wp-json\/wp\/v2\/comments?post=500922"}],"version-history":[{"count":0,"href":"https:\/\/www.europesays.com\/de\/wp-json\/wp\/v2\/posts\/500922\/revisions"}],"wp:featuredmedia":[{"embeddable":true,"href":"https:\/\/www.europesays.com\/de\/wp-json\/wp\/v2\/media\/500923"}],"wp:attachment":[{"href":"https:\/\/www.europesays.com\/de\/wp-json\/wp\/v2\/media?parent=500922"}],"wp:term":[{"taxonomy":"category","embeddable":true,"href":"https:\/\/www.europesays.com\/de\/wp-json\/wp\/v2\/categories?post=500922"},{"taxonomy":"post_tag","embeddable":true,"href":"https:\/\/www.europesays.com\/de\/wp-json\/wp\/v2\/tags?post=500922"}],"curies":[{"name":"wp","href":"https:\/\/api.w.org\/{rel}","templated":true}]}}