{"id":500954,"date":"2025-10-15T16:00:21","date_gmt":"2025-10-15T16:00:21","guid":{"rendered":"https:\/\/www.europesays.com\/de\/500954\/"},"modified":"2025-10-15T16:00:21","modified_gmt":"2025-10-15T16:00:21","slug":"bundesregierung-plant-nachfolger-von-riester-rente","status":"publish","type":"post","link":"https:\/\/www.europesays.com\/de\/500954\/","title":{"rendered":"Bundesregierung plant Nachfolger von Riester-Rente"},"content":{"rendered":"<p>Lange erwartetes Vorhaben <\/p>\n<p>Regierung \u00fcberrascht mit weiterer Rentenreform<\/p>\n<ul class=\"grid grid-flow-col gap-4\" aria-label=\"Autorenbilder\">\n<li class=\"leading-0\"><img data-tb-author-image=\"\"  loading=\"lazy\" src=\"https:\/\/www.europesays.com\/de\/wp-content\/uploads\/2025\/09\/1758112634_336_image.jpg\" alt=\"Christine Holthoff\" title=\"Christine Holthoff\" width=\"40\" height=\"40\" class=\"\" decoding=\"async\"\/><\/li>\n<\/ul>\n<p>Aktualisiert am 15.10.2025 &#8211; 16:43 UhrLesedauer: 3 Min.<\/p>\n<p><a href=\"#focus-0\" class=\"transition-colors duration-200 block text-current relative\" data-sctrack=\"FocusGalleryImage.Reference\"><img fetchpriority=\"high\" data-testid=\"Opener.Image\" style=\"--lqipURL:url('https:\/\/images.t-online.de\/2025\/10\/ZNMe9aTaS35E\/0x417:4000x2250\/fit-in\/150x0\/filters:blur(25)\/die-spitzen-der-koalition-finanzminister-lars-klingbeil-links-spd-soll-noch-in-diesem-jahr-einen-entwurf-fuer-eine-riester-reform-vorlegen.jpg')\"   loading=\"eager\" src=\"https:\/\/www.europesays.com\/de\/wp-content\/uploads\/2025\/10\/die-spitzen-der-koalition-finanzminister-lars-klingbeil-links-spd-soll-noch-in-diesem-jahr-einen-ent.jpeg\" alt=\"Die Spitzen der Koalition: Finanzminister Lars Klingbeil (links, SPD) soll noch in diesem Jahr einen Entwurf f\u00fcr eine Riester-Reform vorlegen.\" title=\"Die Spitzen der Koalition: Finanzminister Lars Klingbeil (links, SPD) soll noch in diesem Jahr einen Entwurf f\u00fcr eine Riester-Reform vorlegen.\" width=\"4000\" height=\"2250\" class=\"bg-[url:var(--lqipURL)] bg-cover bg-center flex h-full w-full max-w-full\" decoding=\"async\"\/><img style=\"--width:32;--height:32\" loading=\"lazy\" src=\"https:\/\/www.t-online.de\/s\/paper\/_next\/static\/media\/zoom-in.f7dae02f.svg\" alt=\"Vergr\u00f6\u00dfern des Bildes\" title=\"Vergr\u00f6\u00dfern des Bildes\" class=\"block h-[calc(var(--height)_\/_16_*_1rem)] w-[calc(var(--width)_\/_16_*_1rem)] max-w-none absolute bottom-8 right-8 rounded-4 bg-snow p-8\" decoding=\"async\"\/><\/a><\/p>\n<p>Die Spitzen der Koalition: Finanzminister Lars Klingbeil (l., SPD) soll noch in diesem Jahr einen Entwurf f\u00fcr eine Riester-Reform vorlegen. (Quelle: Kay Nietfeld\/dpa)<\/p>\n<p class=\"font-bold text-18 leading-17\">Die Bundesregierung macht Tempo bei der Reform der Altersvorsorge. Noch 2025 will sie einen Nachfolger f\u00fcr die gescheiterte Riester-Rente beschlie\u00dfen.<\/p>\n<p class=\"text-18 leading-17\">Es ist ein Vorhaben, das zwar seit Jahren auf der To-do-Liste von Regierungskoalitionen steht, es aber bislang nicht ins Ziel geschafft hat: Die private Altersvorsorge in Deutschland ben\u00f6tigt eine General\u00fcberholung. Oder anders gesagt: Die <a class=\"transition-colors duration-200 cursor-pointer text-inherit no-underline text-salemsfur md:hover:text-magenta md:hover:border-magenta md:focus:text-magenta border-current border-b border-solid break-words\" href=\"https:\/\/www.t-online.de\/finanzen\/ratgeber\/altersvorsorge\/privatevorsorge\/riester-rente\/id_100364238\/riester-rente-fuer-wen-ist-sie-sinnvoll-wann-sie-sich-lohnt.html\" data-sctrack=\"BodyAnchor\" target=\"_blank\" rel=\"noopener\">Riester-Rente<\/a> muss weg, ein Nachfolger her.<\/p>\n<p class=\"text-18 leading-17\">Darauf hatte sich auch die aktuelle <a class=\"transition-colors duration-200 cursor-pointer text-inherit no-underline text-salemsfur md:hover:text-magenta md:hover:border-magenta md:focus:text-magenta border-current border-b border-solid break-words\" href=\"https:\/\/www.t-online.de\/themen\/bundesregierung\/\" data-sctrack=\"BodyAnchor\" target=\"_blank\" rel=\"noopener\">Bundesregierung<\/a> verst\u00e4ndigt, doch au\u00dfer diesem Bekenntnis aus dem <a class=\"transition-colors duration-200 cursor-pointer text-inherit no-underline text-salemsfur md:hover:text-magenta md:hover:border-magenta md:focus:text-magenta border-current border-b border-solid break-words\" href=\"https:\/\/www.t-online.de\/themen\/koalitionsvertrag\/\" data-sctrack=\"BodyAnchor\" target=\"_blank\" rel=\"noopener\">Koalitionsvertrag<\/a> h\u00f6rte man bisher wenig bis gar nichts zur konkreten Umsetzung. Umso \u00fcberraschender war daher ein Satz aus dem Koalitionsbeschluss der vergangenen Woche.<\/p>\n<p class=\"text-18 leading-17\">&#8222;Als zus\u00e4tzlicher Teil der <a class=\"transition-colors duration-200 cursor-pointer text-inherit no-underline text-salemsfur md:hover:text-magenta md:hover:border-magenta md:focus:text-magenta border-current border-b border-solid break-words\" href=\"https:\/\/www.t-online.de\/themen\/rentenreform\/\" data-sctrack=\"BodyAnchor\" target=\"_blank\" rel=\"noopener\">Rentenreform<\/a> wird die Reform der privaten Altersvorsorge (Nachfolge-Riester) noch in 2025 im Kabinett beschlossen&#8220;, hei\u00dft es dort in den Zeilen 90 und 91. Das bedeutet: Nicht nur f\u00fcr Kinder soll es mit der <a class=\"transition-colors duration-200 cursor-pointer text-inherit no-underline text-salemsfur md:hover:text-magenta md:hover:border-magenta md:focus:text-magenta border-current border-b border-solid break-words\" href=\"https:\/\/www.t-online.de\/finanzen\/ratgeber\/altersvorsorge\/gesetzlicherente\/id_100675888\/fruehstart-rente-ab-2026-wer-sie-bekommt-und-wie-sie-funktioniert.html\" data-sctrack=\"BodyAnchor\" target=\"_blank\" rel=\"noopener\">Fr\u00fchstart-Rente<\/a> eine staatlich gef\u00f6rderte Form der Altersvorsorge geben, sondern auch alle B\u00fcrger, die \u00e4lter sind als 18 Jahre.<\/p>\n<p class=\"text-18 leading-17\">Der n\u00f6tige Gesetzentwurf k\u00f6nnte schneller vorliegen als \u00fcblich. Denn: Schon in der vergangenen Legislaturperiode hatte der damalige Bundesfinanzminister <a class=\"transition-colors duration-200 cursor-pointer text-inherit no-underline text-salemsfur md:hover:text-magenta md:hover:border-magenta md:focus:text-magenta border-current border-b border-solid break-words\" href=\"https:\/\/www.t-online.de\/themen\/christian-lindner\/\" data-sctrack=\"BodyAnchor\" target=\"_blank\" rel=\"noopener\">Christian Lindner<\/a> (FDP) einen Entwurf f\u00fcr ein sogenanntes <a class=\"transition-colors duration-200 cursor-pointer text-inherit no-underline text-salemsfur md:hover:text-magenta md:hover:border-magenta md:focus:text-magenta border-current border-b border-solid break-words\" href=\"https:\/\/www.t-online.de\/finanzen\/ratgeber\/altersvorsorge\/id_100490364\/altersvorsorgedepot-fdp-plan-mit-neuer-bundesregierung-gefaehrdet-.html\" data-sctrack=\"BodyAnchor\" target=\"_blank\" rel=\"noopener\">Altersvorsorgedepot<\/a> ausgearbeitet. Geplant war damals, dass Sparer ihr Geld langfristig und breit gestreut an der B\u00f6rse anlegen und dabei staatliche Zulagen erhalten. In der Ansparphase sollte das Depot zudem steuerlich gef\u00f6rdert werden. Beitragsgarantien auf das eingezahlte Kapital sollte es \u2013 anders als beim aktuellen Riester \u2013 nicht geben. Diese Ideen lie\u00dfen sich nun recyclen.<\/p>\n<p class=\"text-18 leading-17\">In der Finanzbranche nimmt man die Ank\u00fcndigung einer z\u00fcgigeren Reform positiv auf. &#8222;Jetzt scheint die wichtigste Reform Vorrang zu bekommen, mit deren Hilfe die Rentenl\u00fccke von 50 Millionen Menschen zwischen 18 und 66 Jahren verkleinert wird&#8220;, sagte Thomas Richter, Hauptgesch\u00e4ftsf\u00fchrer des deutschen Fondsverbands BVI. Auch Thomas Soltau, Vorstand des Neobrokers Smartbroker, h\u00e4lt das Altersvorsorgedepot f\u00fcr &#8222;einen echten Gamechanger&#8220;, sollte der bisherige Gesetzesentwurf nicht zum Schlechteren ge\u00e4ndert werden.<\/p>\n<p class=\"text-18 leading-17\">Doch nicht nur diejenigen, die mit einer solchen Reform neue Kunden an sich binden k\u00f6nnten, begr\u00fc\u00dfen das Vorhaben. Auch beim Geldratgeber &#8222;Finanztip&#8220; freut man sich, dass es hier vorw\u00e4rtsgehen soll. Erst vor Kurzem sprach sich das Verbraucherportal in einem Positionspapier f\u00fcr ein staatlich gef\u00f6rdertes Vorsorgedepot f\u00fcr alle Verbraucher aus \u2013 unabh\u00e4ngig vom Alter beim Start und ohne komplizierten Antrag oder Einkommenspr\u00fcfung.<\/p>\n<p class=\"text-18 leading-17\">&#8222;Wir neigen in Deutschland dazu, alles zu verkomplizieren&#8220;, sagte &#8222;Finanztip&#8220;-Chefredakteur Saidi Sulilatu am vergangenen Donnerstag bei einer hauseigenen Veranstaltung in <a rel=\"nofollow noopener\" target=\"_blank\" class=\"transition-colors duration-200 cursor-pointer text-inherit no-underline text-salemsfur md:hover:text-magenta md:hover:border-magenta md:focus:text-magenta border-current border-b border-solid break-words\" href=\"https:\/\/berlin.t-online.de\/region\/berlin\/\" data-sctrack=\"BodyAnchor\">Berlin<\/a>. Diesen Fehler der Riester-Rente d\u00fcrfe man nun nicht wiederholen. &#8222;Da hat die Finanzbranche ein gewichtiges Wort mitgesprochen. Die Leute wussten gar nicht, was sie da \u00fcberhaupt abgeschlossen haben.&#8220;<\/p>\n","protected":false},"excerpt":{"rendered":"Lange erwartetes Vorhaben Regierung \u00fcberrascht mit weiterer Rentenreform Aktualisiert am 15.10.2025 &#8211; 16:43 UhrLesedauer: 3 Min. Die Spitzen&hellip;\n","protected":false},"author":2,"featured_media":500955,"comment_status":"","ping_status":"","sticky":false,"template":"","format":"standard","meta":{"footnotes":""},"categories":[2],"tags":[1593,522,6892,1173,833,29,187,30,13,1215,776,14,15,379,22123,125331,12,184,125332,10,8,9,11],"class_list":{"0":"post-500954","1":"post","2":"type-post","3":"status-publish","4":"format-standard","5":"has-post-thumbnail","7":"category-deutschland","8":"tag-1593","9":"tag-522","10":"tag-altersvorsorge","11":"tag-bundesregierung","12":"tag-christian-lindner","13":"tag-deutschland","14":"tag-fdp","15":"tag-germany","16":"tag-headlines","17":"tag-koalitionsvertrag","18":"tag-lars-klingbeil","19":"tag-nachrichten","20":"tag-news","21":"tag-rente","22":"tag-rentenreform","23":"tag-riesterrente","24":"tag-schlagzeilen","25":"tag-spd","26":"tag-thomas-soltau","27":"tag-top-news","28":"tag-top-meldungen","29":"tag-topmeldungen","30":"tag-topnews"},"share_on_mastodon":{"url":"https:\/\/pubeurope.com\/@de\/115379020498917227","error":""},"_links":{"self":[{"href":"https:\/\/www.europesays.com\/de\/wp-json\/wp\/v2\/posts\/500954","targetHints":{"allow":["GET"]}}],"collection":[{"href":"https:\/\/www.europesays.com\/de\/wp-json\/wp\/v2\/posts"}],"about":[{"href":"https:\/\/www.europesays.com\/de\/wp-json\/wp\/v2\/types\/post"}],"author":[{"embeddable":true,"href":"https:\/\/www.europesays.com\/de\/wp-json\/wp\/v2\/users\/2"}],"replies":[{"embeddable":true,"href":"https:\/\/www.europesays.com\/de\/wp-json\/wp\/v2\/comments?post=500954"}],"version-history":[{"count":0,"href":"https:\/\/www.europesays.com\/de\/wp-json\/wp\/v2\/posts\/500954\/revisions"}],"wp:featuredmedia":[{"embeddable":true,"href":"https:\/\/www.europesays.com\/de\/wp-json\/wp\/v2\/media\/500955"}],"wp:attachment":[{"href":"https:\/\/www.europesays.com\/de\/wp-json\/wp\/v2\/media?parent=500954"}],"wp:term":[{"taxonomy":"category","embeddable":true,"href":"https:\/\/www.europesays.com\/de\/wp-json\/wp\/v2\/categories?post=500954"},{"taxonomy":"post_tag","embeddable":true,"href":"https:\/\/www.europesays.com\/de\/wp-json\/wp\/v2\/tags?post=500954"}],"curies":[{"name":"wp","href":"https:\/\/api.w.org\/{rel}","templated":true}]}}