{"id":500959,"date":"2025-10-15T16:03:14","date_gmt":"2025-10-15T16:03:14","guid":{"rendered":"https:\/\/www.europesays.com\/de\/500959\/"},"modified":"2025-10-15T16:03:14","modified_gmt":"2025-10-15T16:03:14","slug":"drei-testspieler-nehmen-am-training-auf-dem-tivoli-teil","status":"publish","type":"post","link":"https:\/\/www.europesays.com\/de\/500959\/","title":{"rendered":"Drei Testspieler nehmen am Training auf dem Tivoli teil"},"content":{"rendered":"<p>Probetraining <\/p>\n<p>Die n\u00e4chsten bitte: Drei Testspieler zu Gast am Tivoli<\/p>\n<p>15.10.2025 &#8211; 17:30 UhrLesedauer: 1 Min.<\/p>\n<p><a href=\"#focus-0\" class=\"transition-colors duration-200 block text-current relative\" data-sctrack=\"FocusGalleryImage.Reference\"><img fetchpriority=\"high\" data-testid=\"Opener.Image\" style=\"--lqipURL:url('https:\/\/images.t-online.de\/2025\/10\/L5Mn2HgNODqu\/0x0:4000x2250\/fit-in\/150x0\/filters:blur(25)\/alemannia-trainer-benedetto-muzzicato-archivbild-ihn-wollen-die-testspieler-ueberzeugen.jpg')\"   loading=\"eager\" src=\"https:\/\/www.europesays.com\/de\/wp-content\/uploads\/2025\/10\/alemannia-trainer-benedetto-muzzicato-archivbild-ihn-wollen-die-testspieler-ueberzeugen.jpg\" alt=\"imago images 1067618856\" title=\"imago images 1067618856\" width=\"4000\" height=\"2250\" class=\"bg-[url:var(--lqipURL)] bg-cover bg-center flex h-full w-full max-w-full\" decoding=\"async\"\/><img style=\"--width:32;--height:32\" loading=\"lazy\" src=\"https:\/\/www.t-online.de\/s\/paper\/_next\/static\/media\/zoom-in.f7dae02f.svg\" alt=\"Vergr\u00f6\u00dfern des Bildes\" title=\"Vergr\u00f6\u00dfern des Bildes\" class=\"block h-[calc(var(--height)_\/_16_*_1rem)] w-[calc(var(--width)_\/_16_*_1rem)] max-w-none absolute bottom-8 right-8 rounded-4 bg-snow p-8\" decoding=\"async\"\/><\/a><\/p>\n<p>Alemannia-Trainer Benedetto Muzzicato (Archivbild): Ihn wollen die Testspieler \u00fcberzeugen. (Quelle: IMAGO\/Revierfoto)<\/p>\n<p class=\"font-bold text-18 leading-17\">Mehrere Testspieler nehmen am Training von Alemannia Aachen teil. Einer von ihnen war bereits im Testspiel gegen den VfL Bochum aktiv.<\/p>\n<p class=\"text-18 leading-17\">Wie so h\u00e4ufig in den vergangenen Wochen nehmen derzeit drei Testspieler am Training von Alemannia <a class=\"transition-colors duration-200 cursor-pointer text-inherit no-underline text-salemsfur md:hover:text-magenta md:hover:border-magenta md:focus:text-magenta border-current border-b border-solid break-words\" href=\"https:\/\/www.t-online.de\/themen\/aachen\/\" data-sctrack=\"BodyAnchor\" rel=\"nofollow noopener\" target=\"_blank\">Aachen<\/a> teil: Alae Hadaji, Martin Stojcevic und Mohammed Tolba.<\/p>\n<p class=\"text-18 leading-17\">Tolba war bereits in der vergangenen Woche dabei und spielte im Testspiel gegen den VfL <a class=\"transition-colors duration-200 cursor-pointer text-inherit no-underline text-salemsfur md:hover:text-magenta md:hover:border-magenta md:focus:text-magenta border-current border-b border-solid break-words\" href=\"https:\/\/www.t-online.de\/themen\/bochum\/\" data-sctrack=\"BodyAnchor\" rel=\"nofollow noopener\" target=\"_blank\">Bochum<\/a>. Alae Hadaji, ein 23-j\u00e4hriger Rechtsverteidiger aus <a class=\"transition-colors duration-200 cursor-pointer text-inherit no-underline text-salemsfur md:hover:text-magenta md:hover:border-magenta md:focus:text-magenta border-current border-b border-solid break-words\" href=\"https:\/\/www.t-online.de\/themen\/italien\/\" data-sctrack=\"BodyAnchor\" rel=\"nofollow noopener\" target=\"_blank\">Italien<\/a>, spielte zuletzt bei NK Tolmin in der zweiten slowenischen Liga.<\/p>\n<p class=\"text-18 leading-17\">Dort absolvierte er zw\u00f6lf Spiele und erzielte einen Assist. Zuvor war er in Italien bei USD Scanzorosciate, Calcio Biancavilla 1990 und FC Legnago Salus aktiv. Martin Stojcevic, ein 19-j\u00e4hriger Torwart, kam 2018 zur Jugend des <a class=\"transition-colors duration-200 cursor-pointer text-inherit no-underline text-salemsfur md:hover:text-magenta md:hover:border-magenta md:focus:text-magenta border-current border-b border-solid break-words\" href=\"https:\/\/www.t-online.de\/themen\/vfb-stuttgart\/\" data-sctrack=\"BodyAnchor\" rel=\"nofollow noopener\" target=\"_blank\">VfB Stuttgart<\/a> und spielte bis zur U19.<\/p>\n<p class=\"text-18 leading-17\">Stojcevic bestritt 13 Pflichtspiele f\u00fcr die U17 und U19. Mit 1,95 Metern K\u00f6rpergr\u00f6\u00dfe erf\u00fcllt er die physischen Voraussetzungen f\u00fcr einen Torh\u00fcter.<\/p>\n<p class=\"text-18 leading-17\">Mohammed Tolba, ein 21-j\u00e4hriger Innenverteidiger, wurde zwischen 2015 und 2022 beim <a class=\"transition-colors duration-200 cursor-pointer text-inherit no-underline text-salemsfur md:hover:text-magenta md:hover:border-magenta md:focus:text-magenta border-current border-b border-solid break-words\" href=\"https:\/\/www.t-online.de\/themen\/vfl-bochum\/\" data-sctrack=\"BodyAnchor\" rel=\"nofollow noopener\" target=\"_blank\">VfL Bochum<\/a> ausgebildet und durchlief alle Nachwuchsmannschaften. Er stand siebenmal im Spieltagskader der Profis und bestritt in der letzten Saison 15 Spiele f\u00fcr Bochums zweite Mannschaft in der Oberliga Westfalen.<\/p>\n<p class=\"text-18 leading-17\">Diese stieg am Ende der Saison in die Regionalliga West auf. Zudem absolvierte Tolba sieben Partien f\u00fcr verschiedene deutsche U-Nationalmannschaften. Erst am Montag verpflichtete der Verein den 21-j\u00e4hrigen Mittelfeldspieler Mehdi Loune, der zuvor im Training \u00fcberzeugt hatte.<\/p>\n","protected":false},"excerpt":{"rendered":"Probetraining Die n\u00e4chsten bitte: Drei Testspieler zu Gast am Tivoli 15.10.2025 &#8211; 17:30 UhrLesedauer: 1 Min. Alemannia-Trainer Benedetto&hellip;\n","protected":false},"author":2,"featured_media":500960,"comment_status":"","ping_status":"","sticky":false,"template":"","format":"standard","meta":{"footnotes":""},"categories":[1853],"tags":[722,17161,1424,999,72881,3364,29,548,663,3934,30,13,355,121443,14,15,125333,1209,10087,12,11460,20315,8173],"class_list":{"0":"post-500959","1":"post","2":"type-post","3":"status-publish","4":"format-standard","5":"has-post-thumbnail","7":"category-aachen","8":"tag-722","9":"tag-17161","10":"tag-aachen","11":"tag-alemannia-aachen","12":"tag-benedetto-muzzicato","13":"tag-de","14":"tag-deutschland","15":"tag-eu","16":"tag-europa","17":"tag-europe","18":"tag-germany","19":"tag-headlines","20":"tag-italien","21":"tag-mohammed-tolba","22":"tag-nachrichten","23":"tag-news","24":"tag-nk-tolmin","25":"tag-nordrhein-westfalen","26":"tag-probetraining","27":"tag-schlagzeilen","28":"tag-testspiel","29":"tag-tivoli","30":"tag-vfl-bochum"},"share_on_mastodon":{"url":"https:\/\/pubeurope.com\/@de\/115379032279531541","error":""},"_links":{"self":[{"href":"https:\/\/www.europesays.com\/de\/wp-json\/wp\/v2\/posts\/500959","targetHints":{"allow":["GET"]}}],"collection":[{"href":"https:\/\/www.europesays.com\/de\/wp-json\/wp\/v2\/posts"}],"about":[{"href":"https:\/\/www.europesays.com\/de\/wp-json\/wp\/v2\/types\/post"}],"author":[{"embeddable":true,"href":"https:\/\/www.europesays.com\/de\/wp-json\/wp\/v2\/users\/2"}],"replies":[{"embeddable":true,"href":"https:\/\/www.europesays.com\/de\/wp-json\/wp\/v2\/comments?post=500959"}],"version-history":[{"count":0,"href":"https:\/\/www.europesays.com\/de\/wp-json\/wp\/v2\/posts\/500959\/revisions"}],"wp:featuredmedia":[{"embeddable":true,"href":"https:\/\/www.europesays.com\/de\/wp-json\/wp\/v2\/media\/500960"}],"wp:attachment":[{"href":"https:\/\/www.europesays.com\/de\/wp-json\/wp\/v2\/media?parent=500959"}],"wp:term":[{"taxonomy":"category","embeddable":true,"href":"https:\/\/www.europesays.com\/de\/wp-json\/wp\/v2\/categories?post=500959"},{"taxonomy":"post_tag","embeddable":true,"href":"https:\/\/www.europesays.com\/de\/wp-json\/wp\/v2\/tags?post=500959"}],"curies":[{"name":"wp","href":"https:\/\/api.w.org\/{rel}","templated":true}]}}