{"id":50096,"date":"2025-04-21T17:58:19","date_gmt":"2025-04-21T17:58:19","guid":{"rendered":"https:\/\/www.europesays.com\/de\/50096\/"},"modified":"2025-04-21T17:58:19","modified_gmt":"2025-04-21T17:58:19","slug":"fortuna-duesseldorf-u23-von-f95-gewinnt-gegen-kfc-uerdingen","status":"publish","type":"post","link":"https:\/\/www.europesays.com\/de\/50096\/","title":{"rendered":"Fortuna D\u00fcsseldorf: U23 von F95 gewinnt gegen KFC Uerdingen"},"content":{"rendered":"<p class=\"text_ohne_einzug richtext text-em-55 !leading-serif mx-6 desktop:mx-0\">Wer am Samstag im Paul-Janes-Stadion zu Gast war, sah einen abolut gerechtfertigten 2:0-Erfolg von Fortunas Regionaliga-Fu\u00dfballern \u00fcber den <a href=\"https:\/\/rp-online.de\/thema\/kfc-uerdingen\/\" rel=\"nofollow noopener\" target=\"_blank\">KFC Uerdingen<\/a> \u2013 so ordneten auch beide Trainer die Partie ein. \u201eInsgesamt war das ein hochverdienter Sieg\u201c, sagte etwa \u201eZwote\u201c-Coach <a href=\"https:\/\/rp-online.de\/thema\/jens-langeneke\/\" rel=\"nofollow noopener\" target=\"_blank\">Jens Langeneke<\/a>. Doch vor allem sahen die Zuschauer drei l\u00e4ngere Unterbrechungen im zweiten Durchgang; Grund daf\u00fcr waren Verletzungen, zwei davon aufseiten der Rot-Wei\u00dfen, die Langeneke nicht unbedingt positiv auf die Partie zur\u00fcckblicken lie\u00dfen.<\/p>\n","protected":false},"excerpt":{"rendered":"Wer am Samstag im Paul-Janes-Stadion zu Gast war, sah einen abolut gerechtfertigten 2:0-Erfolg von Fortunas Regionaliga-Fu\u00dfballern \u00fcber den&hellip;\n","protected":false},"author":2,"featured_media":50097,"comment_status":"","ping_status":"","sticky":false,"template":"","format":"standard","meta":{"footnotes":"","_share_on_mastodon":"0"},"categories":[1831],"tags":[3364,29,3405,7850,6223,11450,30,16588,22916,1209,18772,6963,5725,14728,24092,5843,22931,2627],"class_list":["post-50096","post","type-post","status-publish","format-standard","has-post-thumbnail","category-duesseldorf","tag-de","tag-deutschland","tag-duesseldorf","tag-feld","tag-fortuna","tag-fortunas","tag-germany","tag-jens-langeneke","tag-kfc","tag-nordrhein-westfalen","tag-partie","tag-sieg","tag-spiel","tag-spielfeld","tag-spielminute","tag-trainer","tag-uerdingen","tag-verletzungen"],"share_on_mastodon":{"url":"https:\/\/pubeurope.com\/@de\/114377254698527425","error":""},"_links":{"self":[{"href":"https:\/\/www.europesays.com\/de\/wp-json\/wp\/v2\/posts\/50096","targetHints":{"allow":["GET"]}}],"collection":[{"href":"https:\/\/www.europesays.com\/de\/wp-json\/wp\/v2\/posts"}],"about":[{"href":"https:\/\/www.europesays.com\/de\/wp-json\/wp\/v2\/types\/post"}],"author":[{"embeddable":true,"href":"https:\/\/www.europesays.com\/de\/wp-json\/wp\/v2\/users\/2"}],"replies":[{"embeddable":true,"href":"https:\/\/www.europesays.com\/de\/wp-json\/wp\/v2\/comments?post=50096"}],"version-history":[{"count":0,"href":"https:\/\/www.europesays.com\/de\/wp-json\/wp\/v2\/posts\/50096\/revisions"}],"wp:featuredmedia":[{"embeddable":true,"href":"https:\/\/www.europesays.com\/de\/wp-json\/wp\/v2\/media\/50097"}],"wp:attachment":[{"href":"https:\/\/www.europesays.com\/de\/wp-json\/wp\/v2\/media?parent=50096"}],"wp:term":[{"taxonomy":"category","embeddable":true,"href":"https:\/\/www.europesays.com\/de\/wp-json\/wp\/v2\/categories?post=50096"},{"taxonomy":"post_tag","embeddable":true,"href":"https:\/\/www.europesays.com\/de\/wp-json\/wp\/v2\/tags?post=50096"}],"curies":[{"name":"wp","href":"https:\/\/api.w.org\/{rel}","templated":true}]}}