{"id":501687,"date":"2025-10-15T22:34:14","date_gmt":"2025-10-15T22:34:14","guid":{"rendered":"https:\/\/www.europesays.com\/de\/501687\/"},"modified":"2025-10-15T22:34:14","modified_gmt":"2025-10-15T22:34:14","slug":"horner-buchhandlung-schliesst-ende-des-jahres","status":"publish","type":"post","link":"https:\/\/www.europesays.com\/de\/501687\/","title":{"rendered":"Horner Buchhandlung schlie\u00dft Ende des Jahres"},"content":{"rendered":"<p>Wenn drau\u00dfen die Bl\u00e4tter fallen und es nach Regen riecht, beginnt f\u00fcr viele Menschen die sch\u00f6nste Zeit zum Lesen. Auch in der Horner Buchhandlung an der Leher Heerstra\u00dfe ist der Herbst l\u00e4ngst eingezogen. Zwischen neuen Kalendern mit Bremen-Motiven, englischen G\u00e4rten und historischen Schiffen bereitet Meike Blanke das Schaufenster f\u00fcr die dunkle Jahreszeit vor und zugleich einen Abschied, der ihr nicht leichtf\u00e4llt.<\/p>\n<p>\u201eAltersbedingt schlie\u00dfe ich die Buchhandlung zum 31. Dezember\u201c, sagt sie ruhig, w\u00e4hrend sie neue Titel einr\u00e4umt. \u201eBis dahin l\u00e4uft alles wie gewohnt weiter.\u201c Seit 2006 f\u00fchrt die ausgebildete Buchh\u00e4ndlerin und studierte Germanistin das Gesch\u00e4ft, das urspr\u00fcnglich 1984 von dem Bremer Buchh\u00e4ndler Tilman Sieglin gegr\u00fcndet wurde. Bereits seit 1998 arbeitet sie dort, erst als Angestellte, sp\u00e4ter als Inhaberin.<\/p>\n<p>    <strong>Eine feste Gr\u00f6\u00dfe im Stadtteil <\/strong><\/p>\n<p>Mit der Schlie\u00dfung endet ein St\u00fcck Horner Geschichte. Die kleine, unabh\u00e4ngige Buchhandlung war \u00fcber Jahrzehnte eine feste Gr\u00f6\u00dfe im Stadtteil und bekannt f\u00fcr pers\u00f6nliche Beratung, handverlesene Empfehlungen und viele Gespr\u00e4che zwischen den Regalen. \u201eIch habe hier unz\u00e4hlige Begegnungen erlebt. Mit Menschen, die seit Jahren kommen. Manchmal auch \u00fcber Generationen hinweg. Das werde ich sicher vermissen\u201c, sagt Blanke. Ihre \u00e4lteste Kundin ist 101 Jahre alt, geistig topfit und interessiert sich noch immer f\u00fcr politische Literatur.<\/p>\n<p>    <img decoding=\"async\" data-w=\"1200 1 Portrait\" alt=\"Die Zeit f\u00fcr den Abschied ist gekommen. Meike Blanke wird zum Jahresende die Horner Buchhandlung in neue H\u00e4nde \u00fcbergeben, so hofft sie.\" class=\"inline-gallery__image withsrc\" style=\"width:auto;max-height:none;object-fit:cover;\" loading=\"lazy\"   src=\"https:\/\/www.europesays.com\/de\/wp-content\/uploads\/2025\/10\/Portraitdoc82sws2v52yr15vlyjnc1-jpg.webp.webp\"\/><\/p>\n<p>Die Zeit f\u00fcr den Abschied ist gekommen. Meike Blanke wird zum Jahresende die Horner Buchhandlung in neue H\u00e4nde \u00fcbergeben, so hofft sie.<\/p>\n<p>                    Foto:<br \/>\n     Andreas Schack <\/p>\n<p>Die Buchh\u00e4ndlerin hat in den vergangenen Jahrzehnten erlebt, wie sich das Lese- und Kaufverhalten ver\u00e4ndert. Zuerst kam die Konkurrenz durch gro\u00dfe Ketten, dann die digitale Welt. \u201eViele lassen sich beraten, machen ein Foto vom Buch und bestellen es dann online\u201c, sagt sie. \u201eDer Preis ist \u00fcberall gleich. Aber die Begegnung, das Gespr\u00e4ch, das bekommt man eben nur hier.\u201c So ist ihre Buchhandlung bis zuletzt ein Ort geblieben, an dem B\u00fccher mehr sind als nur eine Ware.<\/p>\n<p>    <strong>Suche nach geeigneter Nachfolge<\/strong><\/p>\n<p>Neben dem allgemeinen Sortiment hat Blanke stets auch Kinder- und Jugendb\u00fccher angeboten, von Bilderb\u00fcchern bis hin zu neuen Trend-Genres wie Young Adult und New Romance. \u201eDas sind Bereiche, die gerade bei jungen Leserinnen stark im Kommen sind\u201c, erl\u00e4utert sie. \u201eDa tut sich viel. Und vielleicht ist das ja auch eine Chance f\u00fcr eine j\u00fcngere Nachfolge.\u201c<\/p>\n<p>Tats\u00e4chlich wird derzeit \u00fcber den B\u00f6rsenverein des Deutschen Buchhandels bundesweit nach jemandem gesucht, der die Horner Buchhandlung \u00fcbernimmt. Die Voraussetzungen sind gut: ein eingef\u00fchrter Standort, eine treue Kundschaft, moderate Miete und eine moderne Warenwirtschaft. \u201eIch w\u00fcrde in der Anfangszeit auch beratend zur Seite stehen\u201c, bietet Blanke an.<\/p>\n<p>    <strong>Frische Eindr\u00fccke von der Buchmesse<\/strong><\/p>\n<p>Privat freut sie sich nun auf ruhigere Tage. Auf Reisen ohne Zeitdruck und auf B\u00fccher, die schon lange auf sie warten. Auf ihrem Nachttisch liegen zum Beispiel der neue Roman von T. C. Boyle und ein englischer Krimi von Elizabeth George. \u201eUnd die Klassiker von Thomas Mann und Co. m\u00f6chte ich mir auch noch einmal vornehmen\u201c, sagt sie l\u00e4chelnd.<\/p>\n<p>    <img decoding=\"async\" data-w=\"1200 1 Portrait\" alt=\"In der Pixi-Ecke haben \u00fcber viele Jahre Kinder nach ihren ersten Lieblingsgeschichten gegriffen und sind in erste Leseabenteuer gestartet.\u00a0\" class=\"inline-gallery__image withsrc\" style=\"width:auto;max-height:none;object-fit:cover;\" loading=\"lazy\"   src=\"https:\/\/www.europesays.com\/de\/wp-content\/uploads\/2025\/10\/Portraitdoc82sws2hga6hgox4dcxp-jpg.webp.webp\"\/><\/p>\n<p>In der Pixi-Ecke haben \u00fcber viele Jahre Kinder nach ihren ersten Lieblingsgeschichten gegriffen und sind in erste Leseabenteuer gestartet.\u00a0<\/p>\n<p>                    Foto:<br \/>\n     Andreas Schack <\/p>\n<p>Bis zum Jahresende bleibt die Horner Buchhandlung wie folgt ge\u00f6ffnet: montags bis freitags von 9 bis 13 und 14 bis 18 Uhr sowie sonnabends von 9 bis 13 Uhr. Auch Gutscheine k\u00f6nnen noch bis dahin eingel\u00f6st werden. Vom 16. bis 18. Oktober ist das Gesch\u00e4ft wegen der Frankfurter Buchmesse geschlossen. Von dort bringt die Inhaberin noch einmal frische Eindr\u00fccke mit und genie\u00dft die letzten Wochen bis zum Jahresende zwischen B\u00fcchern, Gespr\u00e4chen und vertrauten Gesichtern.<\/p>\n<p>\n    Weitere Informationen gibt es unter <a href=\"http:\/\/www.horner-buchhandlung.de\" rel=\"nofollow noopener\" target=\"_blank\">www.horner-buchhandlung.de<\/a>.\n<\/p>\n<p>                      Ihr Partner vor Ort<\/p>\n","protected":false},"excerpt":{"rendered":"Wenn drau\u00dfen die Bl\u00e4tter fallen und es nach Regen riecht, beginnt f\u00fcr viele Menschen die sch\u00f6nste Zeit zum&hellip;\n","protected":false},"author":2,"featured_media":501688,"comment_status":"","ping_status":"","sticky":false,"template":"","format":"standard","meta":{"footnotes":""},"categories":[1774],"tags":[1784,1785,29,214,30,215],"class_list":{"0":"post-501687","1":"post","2":"type-post","3":"status-publish","4":"format-standard","5":"has-post-thumbnail","7":"category-buecher","8":"tag-books","9":"tag-buecher","10":"tag-deutschland","11":"tag-entertainment","12":"tag-germany","13":"tag-unterhaltung"},"share_on_mastodon":{"url":"https:\/\/pubeurope.com\/@de\/115380570071961968","error":""},"_links":{"self":[{"href":"https:\/\/www.europesays.com\/de\/wp-json\/wp\/v2\/posts\/501687","targetHints":{"allow":["GET"]}}],"collection":[{"href":"https:\/\/www.europesays.com\/de\/wp-json\/wp\/v2\/posts"}],"about":[{"href":"https:\/\/www.europesays.com\/de\/wp-json\/wp\/v2\/types\/post"}],"author":[{"embeddable":true,"href":"https:\/\/www.europesays.com\/de\/wp-json\/wp\/v2\/users\/2"}],"replies":[{"embeddable":true,"href":"https:\/\/www.europesays.com\/de\/wp-json\/wp\/v2\/comments?post=501687"}],"version-history":[{"count":0,"href":"https:\/\/www.europesays.com\/de\/wp-json\/wp\/v2\/posts\/501687\/revisions"}],"wp:featuredmedia":[{"embeddable":true,"href":"https:\/\/www.europesays.com\/de\/wp-json\/wp\/v2\/media\/501688"}],"wp:attachment":[{"href":"https:\/\/www.europesays.com\/de\/wp-json\/wp\/v2\/media?parent=501687"}],"wp:term":[{"taxonomy":"category","embeddable":true,"href":"https:\/\/www.europesays.com\/de\/wp-json\/wp\/v2\/categories?post=501687"},{"taxonomy":"post_tag","embeddable":true,"href":"https:\/\/www.europesays.com\/de\/wp-json\/wp\/v2\/tags?post=501687"}],"curies":[{"name":"wp","href":"https:\/\/api.w.org\/{rel}","templated":true}]}}