{"id":501811,"date":"2025-10-15T23:45:27","date_gmt":"2025-10-15T23:45:27","guid":{"rendered":"https:\/\/www.europesays.com\/de\/501811\/"},"modified":"2025-10-15T23:45:27","modified_gmt":"2025-10-15T23:45:27","slug":"neues-cafe-lev-in-der-monacensia-wird-eroeffnet-muenchen-de","status":"publish","type":"post","link":"https:\/\/www.europesays.com\/de\/501811\/","title":{"rendered":"Neues Caf\u00e9 \u201elev\u201c in der Monacensia wird er\u00f6ffnet &#8211; muenchen.de"},"content":{"rendered":"<p>In der Monacensia im Hildebrandhaus wird am Samstag, 18. Oktober, das neue Caf\u00e9 \u201elev\u201c \u2013 Hebr\u00e4isch f\u00fcr \u201eHerz\u201c \u2013 er\u00f6ffnet. Das mo- derne \u201eVillage Caf\u00e9\u201c verbindet New-York-Deli-Flair mit Tel-Aviv-Streetfood und erinnert zugleich an die Geschichte des Hauses. Das Caf\u00e9 versteht sich als Hommage an Elisabeth Braun, die die Villa in der NS-Zeit als Schutzraum f\u00fcr Verfolgte \u00f6ffnete. Mit \u201elev\u201c entsteht ein Ort, an dem sich Nachbarschaft und G\u00e4ste gleicherma\u00dfen willkommen f\u00fchlen sollen. Auf der Speisekarte stehen frisch zubereitete Spezialit\u00e4ten wie Challa mit Sabich oder Schnitzel, Bagels mit hausgemachten Aufstrichen, Burekas, Pastramisandwiches und Hummus. Erg\u00e4nzt wird das Angebot durch Kuchen, Geb\u00e4ck und wechselnde Mittagsgerichte. Getr\u00e4nke wie frisch gepresste S\u00e4fte, regionale Limonaden, israelisches Bier, Wein und Kaffeespezialit\u00e4ten runden das Sortiment ab.<br \/>\u201eUnser Fokus liegt auf frischen, handgemachten Spezialit\u00e4ten in ungezwungener Atmosph\u00e4re\u201c, erkl\u00e4rt Gesch\u00e4ftsf\u00fchrerin Melanie Rotstein-Tuchfeld. \u201eWir wollen einen Ort schaffen, an dem sich Menschen mit gutem Essen, Herz und Gastfreundschaft begegnen.\u201c Emanuel Rotstein kuratiert das kulturelle Begleitprogramm mit Weintastings, Jazzabenden sowie Veranstaltungen zu Zeitgeschichte und j\u00fcdischer Kultur.<br \/>Ein Softopening findet im Rahmen der Langen Nacht der Museen am<br \/>Samstag, 18. Oktober, statt, bei der die Monacensia zu Ausstellungsf\u00fchrungen, einem literarischen Pubquiz und Musik einl\u00e4dt. Das Caf\u00e9 hat k\u00fcnftig dienstags bis samstags von 9.30 bis 17.30 Uhr ge\u00f6ffnet.<br \/>Weitere Infos unter <a href=\"http:\/\/www.muenchner-stadtbibliothek.de\/monacensia\" target=\"_blank\" rel=\"noopener\">www.muenchner-stadtbibliothek.de\/monacensia<\/a>.<br \/><strong>Achtung Redaktionen:<\/strong> Pressekontakt per E-Mail an monacensia.presse@ muenchen.de.<\/p>\n","protected":false},"excerpt":{"rendered":"In der Monacensia im Hildebrandhaus wird am Samstag, 18. Oktober, das neue Caf\u00e9 \u201elev\u201c \u2013 Hebr\u00e4isch f\u00fcr \u201eHerz\u201c&hellip;\n","protected":false},"author":2,"featured_media":3684,"comment_status":"","ping_status":"","sticky":false,"template":"","format":"standard","meta":{"footnotes":""},"categories":[1827],"tags":[772,29,30,3467,3469,1268,3468],"class_list":{"0":"post-501811","1":"post","2":"type-post","3":"status-publish","4":"format-standard","5":"has-post-thumbnail","7":"category-muenchen","8":"tag-bayern","9":"tag-deutschland","10":"tag-germany","11":"tag-landeshauptstadt","12":"tag-muenchen-de","13":"tag-muenchen","14":"tag-stadtportal"},"share_on_mastodon":{"url":"https:\/\/pubeurope.com\/@de\/115380848223074158","error":""},"_links":{"self":[{"href":"https:\/\/www.europesays.com\/de\/wp-json\/wp\/v2\/posts\/501811","targetHints":{"allow":["GET"]}}],"collection":[{"href":"https:\/\/www.europesays.com\/de\/wp-json\/wp\/v2\/posts"}],"about":[{"href":"https:\/\/www.europesays.com\/de\/wp-json\/wp\/v2\/types\/post"}],"author":[{"embeddable":true,"href":"https:\/\/www.europesays.com\/de\/wp-json\/wp\/v2\/users\/2"}],"replies":[{"embeddable":true,"href":"https:\/\/www.europesays.com\/de\/wp-json\/wp\/v2\/comments?post=501811"}],"version-history":[{"count":0,"href":"https:\/\/www.europesays.com\/de\/wp-json\/wp\/v2\/posts\/501811\/revisions"}],"wp:featuredmedia":[{"embeddable":true,"href":"https:\/\/www.europesays.com\/de\/wp-json\/wp\/v2\/media\/3684"}],"wp:attachment":[{"href":"https:\/\/www.europesays.com\/de\/wp-json\/wp\/v2\/media?parent=501811"}],"wp:term":[{"taxonomy":"category","embeddable":true,"href":"https:\/\/www.europesays.com\/de\/wp-json\/wp\/v2\/categories?post=501811"},{"taxonomy":"post_tag","embeddable":true,"href":"https:\/\/www.europesays.com\/de\/wp-json\/wp\/v2\/tags?post=501811"}],"curies":[{"name":"wp","href":"https:\/\/api.w.org\/{rel}","templated":true}]}}