{"id":501841,"date":"2025-10-16T00:01:13","date_gmt":"2025-10-16T00:01:13","guid":{"rendered":"https:\/\/www.europesays.com\/de\/501841\/"},"modified":"2025-10-16T00:01:13","modified_gmt":"2025-10-16T00:01:13","slug":"krise-beim-1-fc-magdeburg-zweitligist-trifft-sportchef-entscheidung-sport","status":"publish","type":"post","link":"https:\/\/www.europesays.com\/de\/501841\/","title":{"rendered":"Krise beim 1. FC Magdeburg: Zweitligist trifft Sportchef-Entscheidung | Sport"},"content":{"rendered":"<p>Wie kommt der 1. FC Magdeburg aus der Krise?<\/p>\n<p><a href=\"https:\/\/sport.bild.de\/fussball\/2-bundesliga\/ma11200544\/sv-darmstadt-98_1-fc-magdeburg\/liveticker\/\" rel=\"noopener\" class=\"text-link--external text-link\" target=\"_blank\"><b>Am Sonntag in Darmstadt (13.30 Uhr)<\/b><\/a><b> soll das Interimsduo Petrik Sander (64) und Pascal Ibold (35) die Talfahrt in der 2. Liga stoppen. Nach sechs Niederlagen in Folge w\u00fcrde schon ein Ausw\u00e4rtspunkt beim Tabellendritten f\u00fcr neuen Auftrieb in Magdeburg sorgen.<\/b><\/p>\n<p>Ein erfolgreicher Einstand von Sander und dessen Team w\u00e4re wohl auch im Sinne der FCM-F\u00fchrung. Sander w\u00fcrde im Amt bleiben und der Verein k\u00f6nnte dadurch Zeit gewinnen, um wichtige Zukunftsentscheidungen zu treffen. Klar ist: Der n\u00e4chste Trainer muss passen, ansonsten droht der Fall zur\u00fcck in die 3. Liga.<\/p>\n<p>Mehr zum Thema<\/p>\n<p><b>Genau dieses Horror-Szenario muss der Verein verhindern und will das gemeinsam mit dem in die Kritik geratenen Sportgesch\u00e4ftsf\u00fchrer Otmar Schork schaffen! Ein Rauswurf von Schork steht aktuell nicht zur Debatte. Die Gremien sprachen am Mittwochabend dem Sportchef das Vertrauen aus, <\/b><a href=\"https:\/\/1.fc-magdeburg.de\/news\/detail\/statement-der-gremien-des-1-fc-magdeburg\" rel=\"noopener\" class=\"text-link--external text-link\" target=\"_blank\"><b>was der FCM auf seiner Homepage mitteilte<\/b><\/a><b>.<\/b><\/p>\n<p>\u201eWir nehmen keinen Eingriff in das operative Feld der Gesch\u00e4ftsf\u00fchrung vor. Die Gremien sprechen Otmar Schork ihr Vertrauen aus, rufen ausdr\u00fccklich zur Geschlossenheit auf \u201c, hei\u00dft es in der Mitteilung.<\/p>\n<p><b>Schork selbst sprach schon am Montag nach dem vollzogenen Trainerwechsel von einer \u201eAufbruchstimmung\u201c. Doch so richtig zu sp\u00fcren ist davon noch nichts im FCM-Umfeld.<\/b><\/p>\n<p><b>Mit seinem z\u00f6gerlichen Handeln im Sommer beim Verkauf von Vorg\u00e4nger Christian Titz, <\/b><a href=\"https:\/\/www.bild.de\/sport\/fussball\/transfer-leak-in-magdeburg-so-reagiert-der-sportchef-auf-e-mail-eklat-68b17a975d3e123a945af525\" class=\"text-link\" target=\"_blank\" rel=\"noopener\"><b>mit seiner E-Mail-Aff\u00e4re beim Verkauf von St\u00fcrmer Martijn Kaars (zu St. Pauli)<\/b><\/a><b> und seinem langen Festhalten an <\/b><a href=\"https:\/\/www.transfermarkt.de\/markus-fiedler\/profil\/trainer\/20482\" rel=\"noopener\" class=\"text-link--external text-link\" target=\"_blank\"><b>Markus Fiedler<\/b><\/a><b> hat Schork einiges an Vertrauen im Verein und bei den Fans verspielt.<\/b><\/p>\n<p>Um dieses Vertrauen wieder zur\u00fcckzugewinnen, muss die Entscheidung f\u00fcr die Fiedler-Nachfolge sitzen und zur Wende f\u00fchren!<\/p>\n<p>Spiel eskaliert: Brutale Massen-Schl\u00e4gerei beim Handball<a class=\"anchor video-teaser__anchor\" href=\"https:\/\/www.bild.de\/sport\/mehr-sport\/spiel-eskaliert-brutale-massen-schlaegerei-beim-handball-68ef7ca5dbad4b72062ae240\" target=\"_blank\" rel=\"noopener\"><img decoding=\"async\" width=\"992\" height=\"558\" alt=\"Teaser-Bild\" src=\"https:\/\/www.europesays.com\/de\/wp-content\/uploads\/2025\/10\/1760572873_595_4f9d5d77c072ccfdd989297156875a74-landscape,e402d3ad\"   class=\"landscape teaser__image\" loading=\"lazy\"\/><\/a><\/p>\n<p>Quelle: Instagram\/PallamanoAretusa15.10.2025<\/p>\n","protected":false},"excerpt":{"rendered":"Wie kommt der 1. FC Magdeburg aus der Krise? Am Sonntag in Darmstadt (13.30 Uhr) soll das Interimsduo&hellip;\n","protected":false},"author":2,"featured_media":501842,"comment_status":"","ping_status":"","sticky":false,"template":"","format":"standard","meta":{"footnotes":""},"categories":[136],"tags":[7973,621,29,347,30,32073,265,3460,4581,45,784],"class_list":{"0":"post-501841","1":"post","2":"type-post","3":"status-publish","4":"format-standard","5":"has-post-thumbnail","7":"category-sport","8":"tag-1-fc-magdeburg","9":"tag-2-bundesliga","10":"tag-deutschland","11":"tag-fussball","12":"tag-germany","13":"tag-magdeburg-regional","14":"tag-sport","15":"tag-sport-leuchtturm-leipzig","16":"tag-sport-tag-im-ticker","17":"tag-texttospeech","18":"tag-zweite-bundesliga"},"share_on_mastodon":{"url":"https:\/\/pubeurope.com\/@de\/115380911699064234","error":""},"_links":{"self":[{"href":"https:\/\/www.europesays.com\/de\/wp-json\/wp\/v2\/posts\/501841","targetHints":{"allow":["GET"]}}],"collection":[{"href":"https:\/\/www.europesays.com\/de\/wp-json\/wp\/v2\/posts"}],"about":[{"href":"https:\/\/www.europesays.com\/de\/wp-json\/wp\/v2\/types\/post"}],"author":[{"embeddable":true,"href":"https:\/\/www.europesays.com\/de\/wp-json\/wp\/v2\/users\/2"}],"replies":[{"embeddable":true,"href":"https:\/\/www.europesays.com\/de\/wp-json\/wp\/v2\/comments?post=501841"}],"version-history":[{"count":0,"href":"https:\/\/www.europesays.com\/de\/wp-json\/wp\/v2\/posts\/501841\/revisions"}],"wp:featuredmedia":[{"embeddable":true,"href":"https:\/\/www.europesays.com\/de\/wp-json\/wp\/v2\/media\/501842"}],"wp:attachment":[{"href":"https:\/\/www.europesays.com\/de\/wp-json\/wp\/v2\/media?parent=501841"}],"wp:term":[{"taxonomy":"category","embeddable":true,"href":"https:\/\/www.europesays.com\/de\/wp-json\/wp\/v2\/categories?post=501841"},{"taxonomy":"post_tag","embeddable":true,"href":"https:\/\/www.europesays.com\/de\/wp-json\/wp\/v2\/tags?post=501841"}],"curies":[{"name":"wp","href":"https:\/\/api.w.org\/{rel}","templated":true}]}}