{"id":501881,"date":"2025-10-16T00:24:23","date_gmt":"2025-10-16T00:24:23","guid":{"rendered":"https:\/\/www.europesays.com\/de\/501881\/"},"modified":"2025-10-16T00:24:23","modified_gmt":"2025-10-16T00:24:23","slug":"mehr-teilnehmer-beim-remscheider-roentgenlauf","status":"publish","type":"post","link":"https:\/\/www.europesays.com\/de\/501881\/","title":{"rendered":"Mehr Teilnehmer beim Remscheider R\u00f6ntgenlauf"},"content":{"rendered":"<p>Bislang haben sich fast 3100 L\u00e4ufer angemeldet. Vor allem den Marathon wollen wieder viele Sportler bezwingen. \u00dcber 200 (233) L\u00e4ufer haben sich f\u00fcr die 42,2 Kilometer schon angemeldet. Besonders erfreulich: Vor allem die J\u00fcngeren haben den R\u00f6ntgenlauf wieder f\u00fcr sich entdeckt. Der Lauf ist Sonntag in einer Woche. Anmelden kann man sich regul\u00e4r noch bis diesen Sonntag. Nachmeldungen sind bis eine Stunde vor Start m\u00f6glich. Ab diesem Jahr darf das Technische Hilfswerk die Streckensperrungen nicht mehr \u00fcbernehmen. Daf\u00fcr musste ein Sicherheitsdienst engagiert werden. Die Anmeldegeb\u00fchren musste der R\u00f6ntgen-Sport Club aber nicht anheben. (mh)<\/p>\n","protected":false},"excerpt":{"rendered":"Bislang haben sich fast 3100 L\u00e4ufer angemeldet. Vor allem den Marathon wollen wieder viele Sportler bezwingen. \u00dcber 200&hellip;\n","protected":false},"author":2,"featured_media":501882,"comment_status":"","ping_status":"","sticky":false,"template":"","format":"standard","meta":{"footnotes":""},"categories":[1840],"tags":[125526,125527,3364,29,30,4082,1209,7115,4418],"class_list":{"0":"post-501881","1":"post","2":"type-post","3":"status-publish","4":"format-standard","5":"has-post-thumbnail","7":"category-wuppertal","8":"tag-lufer","9":"tag-rntgenlauf","10":"tag-de","11":"tag-deutschland","12":"tag-germany","13":"tag-marathon","14":"tag-nordrhein-westfalen","15":"tag-teilnehmer","16":"tag-wuppertal"},"share_on_mastodon":{"url":"https:\/\/pubeurope.com\/@de\/115381001711060790","error":""},"_links":{"self":[{"href":"https:\/\/www.europesays.com\/de\/wp-json\/wp\/v2\/posts\/501881","targetHints":{"allow":["GET"]}}],"collection":[{"href":"https:\/\/www.europesays.com\/de\/wp-json\/wp\/v2\/posts"}],"about":[{"href":"https:\/\/www.europesays.com\/de\/wp-json\/wp\/v2\/types\/post"}],"author":[{"embeddable":true,"href":"https:\/\/www.europesays.com\/de\/wp-json\/wp\/v2\/users\/2"}],"replies":[{"embeddable":true,"href":"https:\/\/www.europesays.com\/de\/wp-json\/wp\/v2\/comments?post=501881"}],"version-history":[{"count":0,"href":"https:\/\/www.europesays.com\/de\/wp-json\/wp\/v2\/posts\/501881\/revisions"}],"wp:featuredmedia":[{"embeddable":true,"href":"https:\/\/www.europesays.com\/de\/wp-json\/wp\/v2\/media\/501882"}],"wp:attachment":[{"href":"https:\/\/www.europesays.com\/de\/wp-json\/wp\/v2\/media?parent=501881"}],"wp:term":[{"taxonomy":"category","embeddable":true,"href":"https:\/\/www.europesays.com\/de\/wp-json\/wp\/v2\/categories?post=501881"},{"taxonomy":"post_tag","embeddable":true,"href":"https:\/\/www.europesays.com\/de\/wp-json\/wp\/v2\/tags?post=501881"}],"curies":[{"name":"wp","href":"https:\/\/api.w.org\/{rel}","templated":true}]}}