{"id":502010,"date":"2025-10-16T01:39:19","date_gmt":"2025-10-16T01:39:19","guid":{"rendered":"https:\/\/www.europesays.com\/de\/502010\/"},"modified":"2025-10-16T01:39:19","modified_gmt":"2025-10-16T01:39:19","slug":"wizz-air-verbindet-basel-karlsruhe-und-koeln-mit-podgorica","status":"publish","type":"post","link":"https:\/\/www.europesays.com\/de\/502010\/","title":{"rendered":"Wizz Air verbindet Basel, Karlsruhe und K\u00f6ln mit Podgorica"},"content":{"rendered":"\n<p>Die Billigairline er\u00f6ffnet im Sommerflugplan 2026 eine neue Basis in der Hauptstadt von Montenegro: Ab dem 16. Juni fliegt sie vier Mal pro Woche von Podgorica nach K\u00f6ln\/Bonn (Dienstag, Donnerstag, Samstag und Sonntag). Wizz Air steuert zudem Basel\/Mulhouse\/Freiburg ab dem 1. Juni ebenfalls vier Mal w\u00f6chentlich ab der montenegrinischen Stadt an (Montag, Mittwoch, Freitag und Sonntag). Ab dem 2. Juni gibt es drei Mal w\u00f6chentlich Fl\u00fcge von Podgorica nach Karlsruhe\/Baden-Baden (Dienstag, Donnerstag und Samstag). Auch Hamburg steht ab der Stadt neu auf dem Programm.<\/p>\n","protected":false},"excerpt":{"rendered":"Die Billigairline er\u00f6ffnet im Sommerflugplan 2026 eine neue Basis in der Hauptstadt von Montenegro: Ab dem 16. Juni&hellip;\n","protected":false},"author":2,"featured_media":502011,"comment_status":"","ping_status":"","sticky":false,"template":"","format":"standard","meta":{"footnotes":""},"categories":[1844],"tags":[1634,3364,29,30,8903,33590],"class_list":{"0":"post-502010","1":"post","2":"type-post","3":"status-publish","4":"format-standard","5":"has-post-thumbnail","7":"category-karlsruhe","8":"tag-baden-wuerttemberg","9":"tag-de","10":"tag-deutschland","11":"tag-germany","12":"tag-karlsruhe","13":"tag-wizz-air"},"share_on_mastodon":{"url":"https:\/\/pubeurope.com\/@de\/115381296685918963","error":""},"_links":{"self":[{"href":"https:\/\/www.europesays.com\/de\/wp-json\/wp\/v2\/posts\/502010","targetHints":{"allow":["GET"]}}],"collection":[{"href":"https:\/\/www.europesays.com\/de\/wp-json\/wp\/v2\/posts"}],"about":[{"href":"https:\/\/www.europesays.com\/de\/wp-json\/wp\/v2\/types\/post"}],"author":[{"embeddable":true,"href":"https:\/\/www.europesays.com\/de\/wp-json\/wp\/v2\/users\/2"}],"replies":[{"embeddable":true,"href":"https:\/\/www.europesays.com\/de\/wp-json\/wp\/v2\/comments?post=502010"}],"version-history":[{"count":0,"href":"https:\/\/www.europesays.com\/de\/wp-json\/wp\/v2\/posts\/502010\/revisions"}],"wp:featuredmedia":[{"embeddable":true,"href":"https:\/\/www.europesays.com\/de\/wp-json\/wp\/v2\/media\/502011"}],"wp:attachment":[{"href":"https:\/\/www.europesays.com\/de\/wp-json\/wp\/v2\/media?parent=502010"}],"wp:term":[{"taxonomy":"category","embeddable":true,"href":"https:\/\/www.europesays.com\/de\/wp-json\/wp\/v2\/categories?post=502010"},{"taxonomy":"post_tag","embeddable":true,"href":"https:\/\/www.europesays.com\/de\/wp-json\/wp\/v2\/tags?post=502010"}],"curies":[{"name":"wp","href":"https:\/\/api.w.org\/{rel}","templated":true}]}}