{"id":502024,"date":"2025-10-16T01:46:35","date_gmt":"2025-10-16T01:46:35","guid":{"rendered":"https:\/\/www.europesays.com\/de\/502024\/"},"modified":"2025-10-16T01:46:35","modified_gmt":"2025-10-16T01:46:35","slug":"bochum-donezk-hilft-weiter-neuer-hilfstransport","status":"publish","type":"post","link":"https:\/\/www.europesays.com\/de\/502024\/","title":{"rendered":"Bochum Donezk hilft weiter: Neuer Hilfstransport"},"content":{"rendered":"<p class=\"small date article__date\">Ver\u00f6ffentlicht:\u00a0Mittwoch, 15.10.2025 10:40<\/p>\n<p>Seit \u00fcber drei Jahren unterst\u00fctzt die Gesellschaft Bochum-Donezk mit gro\u00dfem Engagement die vom Krieg betroffene Bev\u00f6lkerung in der Ukraine. 100 LKW voller Hilfsg\u00fcter sind seit Kriegsbeginn bereits auf den Weg gebracht worden, und nun steht der n\u00e4chste Transport kurz vor der Abfahrt.<\/p>\n<p><img decoding=\"async\" alt=\"\" src=\"https:\/\/www.europesays.com\/de\/wp-content\/uploads\/2025\/10\/funke-verein-donezk-025.jpg&#038;crop=0x101x5000x3125&#038;resize=1280x800&#038;dt=202311021015080.jpeg\" data-size=\"1280x800\"\/>\u00a9 Fabian Strauch \/ FUNKE Foto Services GmbH62 Tonnen Hilfe: N\u00e4chster Hilfstransport in die Ukraine steht bereit<\/p>\n<p>100 LKW voller Hilfsg\u00fcter, darunter Kleidung, Medikamente und Lebensmittel sind seit Kriegsbeginn bereits in die Ukraine geschickt worden. Erst vor Kurzem gingen mehrere LKW-Ladungen Kartoffeln auf die Reise, gespendet von einem Bauern aus Wesel. Dieses Mal ist es ein besonders gro\u00dfer Transport: 62 Tonnen Hilfsg\u00fcter, deutlich mehr als bei den regul\u00e4ren Fahrten. M\u00f6glich macht das die gestiegene Spendenbereitschaft der Bochumerinnen und Bochumern in den letzten Wochen. Der Schwerpunkt liegt diesmal auf Hygieneartikeln f\u00fcr Frauen: ein Bedarf, der in Krisenregionen oft \u00fcbersehen wird, aber enorm wichtig ist.<\/p>\n<p>Spenden weiterhin m\u00f6glich<\/p>\n<p>Wer die Gesellschaft Bochum-Donezk unterst\u00fctzen m\u00f6chte, kann das weiterhin tun: mit Sachspenden, Geld oder tatkr\u00e4ftiger Hilfe. Die Sammelstelle an der Herner Stra\u00dfe 146 in Bochum ist montags bis freitags von 15 bis 18 Uhr ge\u00f6ffnet, donnerstags sogar schon ab 10 Uhr. Samstags bleibt sie geschlossen. Besonders gefragt sind aktuell haltbare Lebensmittel, Hygieneprodukte, Verbandsmaterial \u2013 und helfende H\u00e4nde beim Sortieren und Packen. Alle weiteren Informationen zur Aktion findet ihr <a href=\"https:\/\/bochum-donezk.de\/\" rel=\"noopener noreferrer\" target=\"_blank\">hier <\/a><\/p>\n","protected":false},"excerpt":{"rendered":"Ver\u00f6ffentlicht:\u00a0Mittwoch, 15.10.2025 10:40 Seit \u00fcber drei Jahren unterst\u00fctzt die Gesellschaft Bochum-Donezk mit gro\u00dfem Engagement die vom Krieg betroffene&hellip;\n","protected":false},"author":2,"featured_media":274074,"comment_status":"","ping_status":"","sticky":false,"template":"","format":"standard","meta":{"footnotes":""},"categories":[1839],"tags":[115729,7507,3364,29,30,1209],"class_list":{"0":"post-502024","1":"post","2":"type-post","3":"status-publish","4":"format-standard","5":"has-post-thumbnail","7":"category-bochum","8":"tag-bochum-donezk","9":"tag-bochum","10":"tag-de","11":"tag-deutschland","12":"tag-germany","13":"tag-nordrhein-westfalen"},"share_on_mastodon":{"url":"https:\/\/pubeurope.com\/@de\/115381324828022813","error":""},"_links":{"self":[{"href":"https:\/\/www.europesays.com\/de\/wp-json\/wp\/v2\/posts\/502024","targetHints":{"allow":["GET"]}}],"collection":[{"href":"https:\/\/www.europesays.com\/de\/wp-json\/wp\/v2\/posts"}],"about":[{"href":"https:\/\/www.europesays.com\/de\/wp-json\/wp\/v2\/types\/post"}],"author":[{"embeddable":true,"href":"https:\/\/www.europesays.com\/de\/wp-json\/wp\/v2\/users\/2"}],"replies":[{"embeddable":true,"href":"https:\/\/www.europesays.com\/de\/wp-json\/wp\/v2\/comments?post=502024"}],"version-history":[{"count":0,"href":"https:\/\/www.europesays.com\/de\/wp-json\/wp\/v2\/posts\/502024\/revisions"}],"wp:featuredmedia":[{"embeddable":true,"href":"https:\/\/www.europesays.com\/de\/wp-json\/wp\/v2\/media\/274074"}],"wp:attachment":[{"href":"https:\/\/www.europesays.com\/de\/wp-json\/wp\/v2\/media?parent=502024"}],"wp:term":[{"taxonomy":"category","embeddable":true,"href":"https:\/\/www.europesays.com\/de\/wp-json\/wp\/v2\/categories?post=502024"},{"taxonomy":"post_tag","embeddable":true,"href":"https:\/\/www.europesays.com\/de\/wp-json\/wp\/v2\/tags?post=502024"}],"curies":[{"name":"wp","href":"https:\/\/api.w.org\/{rel}","templated":true}]}}