{"id":502030,"date":"2025-10-16T01:51:30","date_gmt":"2025-10-16T01:51:30","guid":{"rendered":"https:\/\/www.europesays.com\/de\/502030\/"},"modified":"2025-10-16T01:51:30","modified_gmt":"2025-10-16T01:51:30","slug":"britischer-ex-premier-blair-geeignet-als-friedensbringer-fuer-nahost","status":"publish","type":"post","link":"https:\/\/www.europesays.com\/de\/502030\/","title":{"rendered":"Britischer Ex-Premier Blair &#8211; geeignet als Friedensbringer f\u00fcr Nahost?"},"content":{"rendered":"<p>            <img loading=\"lazy\" decoding=\"async\" class=\"ts-image\" src=\"https:\/\/www.europesays.com\/de\/wp-content\/uploads\/2025\/10\/blair-108.jpg\" alt=\"Tony Blair\" title=\"Tony Blair | REUTERS\"\/><\/p>\n<p class=\"metatextline\">Stand: 14.10.2025 08:01 Uhr<\/p>\n<p class=\"textabsatz columns twelve  m-ten  m-offset-one l-eight l-offset-two\">\n        <strong>Der britische Ex-Premier Tony Blair soll in Donald Trumps Friedensgremium f\u00fcr den Nahen Osten eine tragende Rolle spielen. Tats\u00e4chlich ist er mit der Region eng verbunden &#8211; aber nicht nur im positiven Sinn. <\/strong>\n    <\/p>\n<p>                                        <a class=\"authorline__link\" href=\"https:\/\/www.tagesschau.de\/korrespondenten\/gabi-biesinger-101.html\" target=\"_blank\" rel=\"noopener\"><br \/>\n                                            <img decoding=\"async\" class=\"authorline__img\" alt=\"Gabi Biesinger\" src=\"https:\/\/www.europesays.com\/de\/wp-content\/uploads\/2025\/10\/gabi-biesinger-103.jpg\"\/><br \/>\n                                        <\/a><\/p>\n<p class=\"textabsatz m-ten m-offset-one l-eight l-offset-two columns twelve\">Als US-Pr\u00e4sident Donald Trump sein Friedensgremium &#8222;Board of Peace&#8220; ank\u00fcndigte und dabei den Namen des britischen Ex-Premiers Tony Blair nannte, fing die BBC spontan Reaktionen von aktuellen Parlamentariern aus Blairs Labour-Party beim Parteitag ein. Das Bild &#8211; gemischt.<\/p>\n<p class=\"textabsatz m-ten m-offset-one l-eight l-offset-two columns twelve\">Eine Abgeordnete f\u00fchlte sich &#8222;beim Einsatz von Blair in Gaza an Kolonialismus erinnert&#8220;. Ein anderer betonte, Blair habe viel Nahost-Erfahrung, er k\u00f6nne ihm nur viel Gl\u00fcck w\u00fcnschen.<\/p>\n<p>    Immer wieder f\u00fcr Vermittlung angeboten<\/p>\n<p class=\"textabsatz m-ten m-offset-one l-eight l-offset-two columns twelve\">Dass sich Tony Blair seit Jahren immer wieder bei US-Pr\u00e4sidenten &#8211; ganz gleich welch politischer Couleur &#8211; wegen einer Rolle im Nahen Osten anbietet, ist bekannt. Im August nahm er an einem Treffen mit Trump im Wei\u00dfen Haus teil, um die Pl\u00e4ne f\u00fcr das Gebiet zu besprechen.<\/p>\n<p class=\"textabsatz m-ten m-offset-one l-eight l-offset-two columns twelve\">Laut Berichten des Economist und israelischer Medien k\u00f6nnte Blair die Leitung einer Organisation namens &#8222;Gaza International Transitional Authority&#8220; \u00fcbernehmen. Sie w\u00fcrde ein UN-Mandat anstreben, um f\u00fcr f\u00fcnf Jahre die &#8222;h\u00f6chste politische und rechtliche Autorit\u00e4t&#8220; Gazas zu sein. Der Plan w\u00fcrde sich an den internationalen Verwaltungen orientieren, die den \u00dcbergang Osttimors und des Kosovos zur Eigenstaatlichkeit \u00fcberwachten.<\/p>\n<p>    Nordirland-Abkommen erfolgreich verhandelt<\/p>\n<p class=\"textabsatz m-ten m-offset-one l-eight l-offset-two columns twelve\">Dass der inzwischen 72-j\u00e4hrige Blair sich f\u00fcr diese Aufgabe berufen f\u00fchlt, d\u00fcrfte daran liegen, dass er sich seit seiner ma\u00dfgeblichen Beteiligung am Karfreitagsabkommen in Nordirland als Friedensstifter betrachtet.<\/p>\n<p class=\"textabsatz m-ten m-offset-one l-eight l-offset-two columns twelve\">Damals wurde Blair mit Lorbeeren f\u00fcr sein diplomatisches Verhandlungsgeschick \u00fcberh\u00e4uft, als er mit dem irischen Premier Bertie Ahern und US-Pr\u00e4sident Bill Clinton den Friedensprozess in Nordirland in trockene T\u00fccher brachte. Und jetzt w\u00fcrde Blair unter US-Pr\u00e4sident Donald Trump offenbar gerne einen \u00e4hnlichen Erfolg wiederholen.\u00a0<\/p>\n<p class=\"textabsatz m-ten m-offset-one l-eight l-offset-two columns twelve\">Nahost-Erfahrung hat Blair, denn nachdem er 2007 als Premierminister zur\u00fcckgetreten war, wurde er direkt zum Sondergesandten f\u00fcr den Nahen Osten ernannt, im Auftrag des damaligen Nahost-Quartetts &#8211; bestehend aus den USA, EU, UN und Russland. Seine Aufgabe: Im Konflikt zwischen Israelis und Pal\u00e4stinensern zu vermitteln.<\/p>\n<p>    Auch private Gesch\u00e4ftsinteressen<\/p>\n<p class=\"textabsatz m-ten m-offset-one l-eight l-offset-two columns twelve\">Doch Blair geriet zunehmend in die Kritik. Auch, weil er nebenbei \u00fcber seine weltweit agierende Beratungsfirma Tony Blair Institute for Global Change private Gesch\u00e4ftsinteressen im Nahen Osten verfolgte.<\/p>\n<p class=\"textabsatz m-ten m-offset-one l-eight l-offset-two columns twelve\">Als Blair sich 2015 zur\u00fcckzog, hatte er nicht viel erreicht. Doch BBC-Journalist James Landale, der als Diplomatie-Experte Tony Blairs Wirken seit Jahrzehnten beobachtet, sieht bei ihm durchaus viele Pluspunkte f\u00fcr die Aufgabe.<\/p>\n<blockquote class=\"zitat\">\n<p>                    Er ist der einzige fr\u00fchere westliche Regierungschef, der das Vertrauen der Amerikaner genie\u00dft, das Vertrauen der Golfstaaten, und der \u00fcberhaupt eine Art von Beziehung zu den Pal\u00e4stinensern hat. <\/p>\n<p>BBC-Journalist James Landale<\/p>\n<\/blockquote>\n<p class=\"textabsatz m-ten m-offset-one l-eight l-offset-two columns twelve\">Der BBC-Journalist schr\u00e4nkt ein, inwieweit die Pal\u00e4stinenser ihm vertrauen, sei unklar. Sie f\u00fchlten sich damals, als er Sonderbeauftragter war, benachteiligt. Aber Blair erf\u00fclle viele Kriterien f\u00fcr solch eine Aufgabe.\u00a0Nach einem Sondierungstreffen am Wochenende in Jordanien scheint der Ex-Premier aber jetzt die Pal\u00e4stinensische Autonomiebeh\u00f6rde f\u00fcr sich gewonnen zu haben.<\/p>\n<p class=\"textabsatz m-ten m-offset-one l-eight l-offset-two columns twelve\">Hussein al-Scheich, pal\u00e4stinensischer Vizepr\u00e4sident, erkl\u00e4rte, man wolle mit Trump und Blair zusammenarbeiten.<\/p>\n<p class=\"textabsatz m-ten m-offset-one l-eight l-offset-two columns twelve\">Vergangene Woche hatte der Justizminister der Pal\u00e4stinensischen Autonomiebeh\u00f6rde Blairs Beteiligung noch mit harschen Worten kritisiert: &#8222;Ist das der unabh\u00e4ngige pal\u00e4stinensische Staat, den wir anstreben? All diese jahrelangen K\u00e4mpfe &#8211; nur damit Herr Blair, der in London, Gro\u00dfbritannien und im Irak gescheitert ist, kommt und &#8211; bei allem Respekt f\u00fcr Herrn Blair &#8211; unser Vormund ist, als w\u00e4ren wir minderj\u00e4hrig?&#8220;<\/p>\n<p>    Beteiligung am Irak-Krieg<\/p>\n<p class=\"textabsatz m-ten m-offset-one l-eight l-offset-two columns twelve\">Die Beteiligung der Briten am Irak-Krieg an der Seite der USA ohne Mandat der Vereinten Nationen &#8211; das ist der wohl dunkelste Fleck in Blairs politischer Karriere. 2016 kam ein Untersuchungsausschuss zu dem Ergebnis, dass der Krieg \u00fcberfl\u00fcssig und vermeidbar gewesen sei.<\/p>\n<p class=\"textabsatz m-ten m-offset-one l-eight l-offset-two columns twelve\">Doch Blair beharrt bis heute, dass die Entscheidung daf\u00fcr richtig war, angesichts der von den USA damals vorgelegten Indizien f\u00fcr Massenvernichtungswaffen im Irak. Diese wurden allerdings nie gefunden.<\/p>\n<p class=\"textabsatz m-ten m-offset-one l-eight l-offset-two columns twelve\">Zwar beendeten die Alliierten die Herrschaft von Machthaber Saddam Hussein, doch sie lie\u00dfen ein Land im Chaos zur\u00fcck. Blairs Vergangenheit mit dem Irak-Krieg d\u00fcrfte f\u00fcr Trump im Augenblick nicht so wichtig sein, vermutet Diplomatie-Experte James Landale: Er ist \u00fcberzeugt, dass der US-Pr\u00e4sident einen &#8222;Dealmaker&#8220; suche, der ihm das Problem in Nahost l\u00f6st.<\/p>\n<p class=\"textabsatz m-ten m-offset-one l-eight l-offset-two columns twelve\">Dabei betont Landale Blairs Geschick, mit strategischen Mehrdeutigkeiten umzugehen, die Verhandlungsparteien Raum lasse, die Dinge, die auf dem Tisch liegen, in ihrem Sinne zu interpretieren. Angesichts der vielen offenen Fragen und Leerstellen mit Blick auf den 20-Punkte-Plan des US-Pr\u00e4sidenten k\u00f6nnte das sehr hilfreich sein.\u00a0\u00a0\u00a0<\/p>\n<p>    Trumps leise Zweifel<\/p>\n<p class=\"textabsatz m-ten m-offset-one l-eight l-offset-two columns twelve\">Doch wie Donald Trump nun einmal ist, zeigte er am Montag beim Anflug auf Tel Aviv zum Auftritt in der israelischen Knesset doch auch leise Zweifel, ob Blair wirklich der Richtige sei. Er m\u00f6ge Tony, sagte er zu Journalisten. Er m\u00fcsse aber doch noch mal pr\u00fcfen, ob er f\u00fcr alle Beteiligten akzeptabel sei.<\/p>\n<p class=\"textabsatz m-ten m-offset-one l-eight l-offset-two columns twelve\">Sollte nun tats\u00e4chlich ein Brite wieder einen Verwaltungsposten in der Region \u00fcbernehmen, lenkt das den Blick auf die besondere Vergangenheit, die Gro\u00dfbritannien und den Nahen Osten verbindet. 1922 erhielt die britische Regierung vom V\u00f6lkerbund das Mandat, Pal\u00e4stina zu verwalten.<\/p>\n<p class=\"textabsatz m-ten m-offset-one l-eight l-offset-two columns twelve\">In der Balfour-Erkl\u00e4rung hatte London versprochen, den Juden aus aller Welt in der Region eine Heimat zu errichten. Als die j\u00fcdische Bev\u00f6lkerung wuchs und die Spannungen zwischen j\u00fcdischer und arabischer Bev\u00f6lkerung zunahmen, gaben die Briten 1947 ihr Mandat zur\u00fcck an die Vereinten Nationen. 1948 wurde dann der Staat Israel gegr\u00fcndet.<\/p>\n","protected":false},"excerpt":{"rendered":"Stand: 14.10.2025 08:01 Uhr Der britische Ex-Premier Tony Blair soll in Donald Trumps Friedensgremium f\u00fcr den Nahen Osten&hellip;\n","protected":false},"author":2,"featured_media":502031,"comment_status":"","ping_status":"","sticky":false,"template":"","format":"standard","meta":{"footnotes":""},"categories":[3976],"tags":[331,332,72862,27201,13,14,6000,15,12,3992,3993,3994,3995,3996,3997],"class_list":{"0":"post-502030","1":"post","2":"type-post","3":"status-publish","4":"format-standard","5":"has-post-thumbnail","7":"category-vereinigtes-koenigreich","8":"tag-aktuelle-nachrichten","9":"tag-aktuelle-news","10":"tag-blair","11":"tag-friedensabkommen","12":"tag-headlines","13":"tag-nachrichten","14":"tag-nahost","15":"tag-news","16":"tag-schlagzeilen","17":"tag-uk","18":"tag-united-kingdom","19":"tag-united-kingdom-of-great-britain-and-northern-ireland","20":"tag-vereinigtes-koenigreich","21":"tag-vereinigtes-koenigreich-grossbritannien-und-nordirland","22":"tag-vereinigtes-koenigreich-von-grossbritannien-und-nordirland"},"share_on_mastodon":{"url":"https:\/\/pubeurope.com\/@de\/115381343632252406","error":""},"_links":{"self":[{"href":"https:\/\/www.europesays.com\/de\/wp-json\/wp\/v2\/posts\/502030","targetHints":{"allow":["GET"]}}],"collection":[{"href":"https:\/\/www.europesays.com\/de\/wp-json\/wp\/v2\/posts"}],"about":[{"href":"https:\/\/www.europesays.com\/de\/wp-json\/wp\/v2\/types\/post"}],"author":[{"embeddable":true,"href":"https:\/\/www.europesays.com\/de\/wp-json\/wp\/v2\/users\/2"}],"replies":[{"embeddable":true,"href":"https:\/\/www.europesays.com\/de\/wp-json\/wp\/v2\/comments?post=502030"}],"version-history":[{"count":0,"href":"https:\/\/www.europesays.com\/de\/wp-json\/wp\/v2\/posts\/502030\/revisions"}],"wp:featuredmedia":[{"embeddable":true,"href":"https:\/\/www.europesays.com\/de\/wp-json\/wp\/v2\/media\/502031"}],"wp:attachment":[{"href":"https:\/\/www.europesays.com\/de\/wp-json\/wp\/v2\/media?parent=502030"}],"wp:term":[{"taxonomy":"category","embeddable":true,"href":"https:\/\/www.europesays.com\/de\/wp-json\/wp\/v2\/categories?post=502030"},{"taxonomy":"post_tag","embeddable":true,"href":"https:\/\/www.europesays.com\/de\/wp-json\/wp\/v2\/tags?post=502030"}],"curies":[{"name":"wp","href":"https:\/\/api.w.org\/{rel}","templated":true}]}}