{"id":502040,"date":"2025-10-16T01:56:24","date_gmt":"2025-10-16T01:56:24","guid":{"rendered":"https:\/\/www.europesays.com\/de\/502040\/"},"modified":"2025-10-16T01:56:24","modified_gmt":"2025-10-16T01:56:24","slug":"elektromobilitaet-spd-will-kaufpraemie-nur-fuer-guenstige-e-autos-aus-europa-sz-de","status":"publish","type":"post","link":"https:\/\/www.europesays.com\/de\/502040\/","title":{"rendered":"Elektromobilit\u00e4t: SPD will Kaufpr\u00e4mie nur f\u00fcr g\u00fcnstige E-Autos aus Europa &#8211; SZ.de"},"content":{"rendered":"<ol>\n<li><a href=\"https:\/\/news.google.com\/rss\/articles\/CBMingFBVV95cUxNRGxpTkFzUjIxZEtodG5UMXdncjE0aHh3Um53ZmlZM3hla29XUldfdS1zaHJZYko2cS1yaW5mRlBqcHYtWXJ4QVVMZHh1R3VsTDRHTnNhcnA4WHRsYnpRUHdvYnFyT1l0V05YYU02SjFXZzVKbXNCTkJGdm9PUHhESGQzdUNEZlQwcGVzeFpuakRvZXFvLXVfLVRyd3Rrdw?oc=5\" target=\"_blank\" rel=\"noopener\">Elektromobilit\u00e4t: SPD will Kaufpr\u00e4mie nur f\u00fcr g\u00fcnstige E-Autos aus Europa<\/a>&nbsp;&nbsp;SZ.de<\/li>\n<li><a href=\"https:\/\/news.google.com\/rss\/articles\/CBMi5AFBVV95cUxNbHdTcUlldjFCRnAtZXBFMjlzU2pHN01vZUJhRXNiLUlIMjEwX2V6bUxpUGpfM2tLQngwLW4xSkRtUGdtdUlKcXhCaWZDR1hQU3ZkMFEwcXUxei1oS0lEZnhsSkJIcmdhNHpNd2VzRlJhaDZrX21jQWZTNzhsX01HekZEZHhRbFBBNnY5R1NxYlF4S0xfQUQ5VDVDSFNUM2FVZ0xkVk5mdW9uekpQRFRoWEdrN2l1SXVpZDBhbWdmbnk3Z2czRjZFME9XXzA5b3R5Skp6TGhtWmMxWVY5ektwbURGMXk?oc=5\" target=\"_blank\" rel=\"noopener\">Kabinett beschlie\u00dft Verl\u00e4ngerung der Kfz-Steuerbefreiung f\u00fcr E-Autos<\/a>&nbsp;&nbsp;Spiegel<\/li>\n<li><a href=\"https:\/\/news.google.com\/rss\/articles\/CBMi8wFBVV95cUxPRU1JR0RCdWFIVjljdGNFQTFZalVXakkxMXhpcXdrcWhGbzJEZHJZRXZpNzVhaXctcjY5aWJzVEpXd05OOHd5N2YwQ3JQUkFIcHpDYVlYUjdVUDBubE4tczJPNDFTa0M4VnFvaWhpM1NJUEVuaXpDeVkteWRDbVEybmJkNUV2ODl1NUtBZ0xFeUZOX3JCMHczdm1lTUNqV2VsV09sTmpqZzJfWFlqdWIyZzdqWTBEM0lETGlJNDgwNUhsazhnd3Ntc2JodkZIOFh4RVFGbExlZTctQkUybDJIcTQwaW5nYkF2aEx1VW12c1FIcHM?oc=5\" target=\"_blank\" rel=\"noopener\">E-Auto-Pr\u00e4mie kommt zur\u00fcck und geht dieses Mal sogar noch einen Schritt weiter<\/a>&nbsp;&nbsp;FOCUS online<\/li>\n<li><a href=\"https:\/\/news.google.com\/rss\/articles\/CBMilgFBVV95cUxNd3B6UzlkdzRUMGhMYmhoZ29pUV8xREUtTTVxTXpyYnNJS3R0QTRpc2hTTHNmNmhRQ1c2dWJNV2xuS01vZ205aER6REJMTU1yZ2pseFJBRFBNUmVZRTROWXp1SWo4U2NpOXJubDNIdkFiekw0VG1yb0tjelV3TzdJeG1GWHVxNkxwS1FWSjNKd0dVUHY3VkHSAZsBQVVfeXFMTk9NMEV1Z1g1SXRxOWNfMldPTnloNVNfY0ZCbmJiQzdkcWhqdGRMaDM2U3R2TC1aQndqRV91MUpfbTIzMUZRdmhqMjlfNEdaMXl2REpJNG9yZnpyaVFpVWY5WGZwb3NraTFqSVR4U2cybUhfQncyX2lzMHFKcU1hN1k5ME85ZlpGNDg0MmM5N1YxZG5WSUVsMTZ6d28?oc=5\" target=\"_blank\" rel=\"noopener\">L\u00e4ngere Steuervorteile f\u00fcr E-Autos auf dem Weg &#8211; boerse.de<\/a>&nbsp;&nbsp;boerse.de<\/li>\n<li><a href=\"https:\/\/news.google.com\/rss\/articles\/CBMifEFVX3lxTE93emtWNUM1RTZCRTRHbEtsbmV5OUg0NGtiX0RZRHcwOE1fVjFfV1JETXUyaXZCM2JDM0J0ZnhnMUVMel9CQURob2R2Q2NsXzNfbUM3a3lxVDV6ZzAtUHo2TDZfdktCcWJ0NVhCZzF0d3NjMTFWWEtzdXlMeDI?oc=5\" target=\"_blank\" rel=\"noopener\">E-Autos: Kabinett beschlie\u00dft l\u00e4ngere Steuerbefreiung f\u00fcr Elektroautos<\/a>&nbsp;&nbsp;DIE ZEIT<\/li>\n<\/ol>\n","protected":false},"excerpt":{"rendered":"Elektromobilit\u00e4t: SPD will Kaufpr\u00e4mie nur f\u00fcr g\u00fcnstige E-Autos aus Europa&nbsp;&nbsp;SZ.de Kabinett beschlie\u00dft Verl\u00e4ngerung der Kfz-Steuerbefreiung f\u00fcr E-Autos&nbsp;&nbsp;Spiegel E-Auto-Pr\u00e4mie&hellip;\n","protected":false},"author":2,"featured_media":502041,"comment_status":"","ping_status":"","sticky":false,"template":"","format":"standard","meta":{"footnotes":""},"categories":[5],"tags":[331,332,582,3364,29,1519,30,13,148,14,15,12,149,601,55],"class_list":{"0":"post-502040","1":"post","2":"type-post","3":"status-publish","4":"format-standard","5":"has-post-thumbnail","7":"category-nachrichten","8":"tag-aktuelle-nachrichten","9":"tag-aktuelle-news","10":"tag-automobilindustrie","11":"tag-de","12":"tag-deutschland","13":"tag-elektromobilitaet","14":"tag-germany","15":"tag-headlines","16":"tag-leserdiskussion","17":"tag-nachrichten","18":"tag-news","19":"tag-schlagzeilen","20":"tag-sueddeutsche-zeitung","21":"tag-verkehr","22":"tag-wirtschaft"},"share_on_mastodon":{"url":"https:\/\/pubeurope.com\/@de\/115381363251475243","error":""},"_links":{"self":[{"href":"https:\/\/www.europesays.com\/de\/wp-json\/wp\/v2\/posts\/502040","targetHints":{"allow":["GET"]}}],"collection":[{"href":"https:\/\/www.europesays.com\/de\/wp-json\/wp\/v2\/posts"}],"about":[{"href":"https:\/\/www.europesays.com\/de\/wp-json\/wp\/v2\/types\/post"}],"author":[{"embeddable":true,"href":"https:\/\/www.europesays.com\/de\/wp-json\/wp\/v2\/users\/2"}],"replies":[{"embeddable":true,"href":"https:\/\/www.europesays.com\/de\/wp-json\/wp\/v2\/comments?post=502040"}],"version-history":[{"count":0,"href":"https:\/\/www.europesays.com\/de\/wp-json\/wp\/v2\/posts\/502040\/revisions"}],"wp:featuredmedia":[{"embeddable":true,"href":"https:\/\/www.europesays.com\/de\/wp-json\/wp\/v2\/media\/502041"}],"wp:attachment":[{"href":"https:\/\/www.europesays.com\/de\/wp-json\/wp\/v2\/media?parent=502040"}],"wp:term":[{"taxonomy":"category","embeddable":true,"href":"https:\/\/www.europesays.com\/de\/wp-json\/wp\/v2\/categories?post=502040"},{"taxonomy":"post_tag","embeddable":true,"href":"https:\/\/www.europesays.com\/de\/wp-json\/wp\/v2\/tags?post=502040"}],"curies":[{"name":"wp","href":"https:\/\/api.w.org\/{rel}","templated":true}]}}