{"id":502048,"date":"2025-10-16T02:01:12","date_gmt":"2025-10-16T02:01:12","guid":{"rendered":"https:\/\/www.europesays.com\/de\/502048\/"},"modified":"2025-10-16T02:01:12","modified_gmt":"2025-10-16T02:01:12","slug":"flutlichtausfall-und-souveraener-sieg-des-msv-duisburg-in-uerdingen","status":"publish","type":"post","link":"https:\/\/www.europesays.com\/de\/502048\/","title":{"rendered":"Flutlichtausfall und souver\u00e4ner Sieg des MSV Duisburg in Uerdingen"},"content":{"rendered":"<p>Der MSV hatte in den Anfangsz\u00fcgen der Partie erwartungsgem\u00e4\u00df mehr Ballbesitz, Uerdingen wollte zun\u00e4chst offenbar sicher stehen, doch wies schon fr\u00fch so manche L\u00fccke im Abwehrverbund auf. So konnte sich der KFC bedanken, dass Thilo T\u00f6pken zun\u00e4chst per Dropkick (3.) und dann nach einem Kopfball (6.). den F\u00fchrungstreffer in aussichtsreicher Position vergab. Duisburg hatte bis dahin und in der Folge Ball und Gegner unter Kontrolle und lie\u00df selbst nur wenig zu. <\/p>\n<p>Nach einer Viertelstunde war der Bann dann auch schon gebrochen. Infolge eines Freisto\u00dfes von Conor No\u00df konnten die Uerdinger den Ball nicht aus der Gefahrenzone kl\u00e4ren, Joshua Bitter verschaffte sich stattdessen etwas Platz und traf gekonnt ins Eck zur F\u00fchrung (13.). Daraufhin zogen die Zebras das Tempo an. Zun\u00e4chst verhindert Jonas Holzum im Nachfassen noch das Eigentor von Anthony Oscasindas (19.), bei der darauffolgenden Ecke hatte auch noch ein Uerdinger die Hand am Ball &#8211; Strafsto\u00df. Dem nahm sich Christian Viet an und verlud Holzum cool zum 2:0 (20.).<\/p>\n<p>Ein doppelter Nackenschlag f\u00fcr die Hausherren, die aber noch nicht aufstecken wollten. Oscasindas marschierte aus der Innenverteidigung nach vorne, gab auf Etienne-Noel Reck ab, der Max Braune mit einem strammen Schuss erstmals pr\u00fcfte (24.). Uerdingen hatte die schlimmste Phase \u00fcberstanden, zeigte gelegentliche Offensivvorst\u00f6\u00dfe, die aber oftmals nur in Ans\u00e4tzen Gefahr verspr\u00fchten. Sportlich passierte also auf beiden Seiten nicht viel. Stattdessen unterlief den Gastgebern ein ungewolltes Kuriosum abseits des Platzes: Eine der vier gro\u00dfen Flutlichtanlagen gab urpl\u00f6tzlich den Geist auf. Dem Vernehmen nach soll eine Sicherung herausgesprungen sein. So entschied sich Schiedsrichter Davide Zeisberg schon in der 38. Minute daf\u00fcr die beiden Seiten in die 15-min\u00fctige Halbzeitpause zu schicken. In der 45. Minute sollte demnach nur ein kurzer Seitenwechsel erfolgen.<\/p>\n<p>Doch bevor es so weit war, hatte Uerdingen noch seine beste Torm\u00f6glichkeit. Nach einer Hereingabe von links forderte Yassin Benslaiman Braune zu einer starken Parade, der Schlussmann lenkte die Kugel in voller Streckung aus der Luft noch um den Pfosten (40.). Statt dem Anschlusstreffer legten die G\u00e4ste noch einmal nach. T\u00f6pken tippte zuerst noch eine flache Hereingabe \u00fcber den Querbalken (41.), nach Flanke von Bitter sorgte er daraufhin per Kopf f\u00fcr die Vorentscheidung (43.).<\/p>\n<p> <a href=\"https:\/\/whatsapp.com\/channel\/0029VaqXxs6HQbSDIELORj1u\" target=\"_blank\" rel=\"noopener\">&gt;&gt;&gt; Zum FuPa-WhatsApp-Kanal f\u00fcr den MSV Duisburg<\/a> <a href=\"https:\/\/whatsapp.com\/channel\/0029Vb6QK5BHFxP8on95jp0I\" target=\"_blank\" rel=\"noopener\">&gt;&gt;&gt; Zum FuPa-WhatsApp-Kanal f\u00fcr den KFC Uerdingen<\/a>   <\/p>\n<p>Nach dem angesprochenen Seitenwechsel fand sich der frisch hereingekommene Florian Kr\u00fcger gut ein, gr\u00e4tschte eine Querpass ins Zentrum an den Innenpfosten (48.), Can Coskun forderte Holzum etwas sp\u00e4ter zu einem starken Reflex (54.). Danach nahmen sich beide Teams eine Schaffenspause, die Partie spielte sich gr\u00f6\u00dftenteils nur noch fernab der beiden Strafr\u00e4ume ab. <\/p>\n<p>Die Partie tr\u00f6pfelte so ein bisschen dahin und beinahe aus dem Nichts durften dann auch noch einmal die Heimfans jubeln. Yasin-Kemal Kaya nahm aus der Distanz Ma\u00df und vollendete mit einem wundersch\u00f6nen Treffer in den Winkel (85.). Getragen vom Publikum versuchte sich der KFC noch einmal in einer Schlussoffensive, doch die Zeit war schon zu weit fortgeschritten und Duisburg lie\u00df fast nichts mehr zu. Letztlich d\u00fcrften beide Teams mit dem Endergebnis recht gut leben k\u00f6nnen, der MSV steuert als einziger verbliebener Drittligist weiter auf den Titel zu<\/p>\n<p>KFC Uerdingen \u2013 MSV Duisburg 1:3<br \/>KFC Uerdingen: Jonas Holzum, Ole P\u00e4ffgen, Jan Bachmann, Anthony Oscasindas, Seongsun You (88. Maximilian Dimitrijevski), Alexander Lipinski (67. Dave Fotso Youmssi), Yasin-Cemal Kaya (67. Batuhan \u00d6zden), Mohamed Yassin Benslaiman Benktib (63. Adam Tolba), Nedzhib Hadzha, Noah Tomson, Etienne-Noel Reck (63. Ephraim Kalonji) &#8211; Trainer: Julian St\u00f6hr<br \/>MSV Duisburg: Maximilian Braune, Tobias Fleckstein, Joshua Bitter (63. Niklas Jessen), Can Coskun, Ben Schlicke, Jesse Tugbenyo, Conor No\u00df (67. Florian Egerer), Christian Viet (46. Florian Kr\u00fcger), Patrick Sussek (46. Maximilian Dittgen), Thilo T\u00f6pken (46. Jan-Simon Symalla), Maximilian Dittgen &#8211; Trainer: Dietmar Hirsch<br \/>Schiedsrichter: Davide Zeisberg (Solingen) &#8211; Zuschauer: 9341<br \/>Tore: 0:1 Joshua Bitter (16.), 0:2 Christian Viet (20. Handelfmeter), 0:3 Thilo T\u00f6pken (43.), 1:3 Yasin-Cemal Kaya (85.)<\/p>\n","protected":false},"excerpt":{"rendered":"Der MSV hatte in den Anfangsz\u00fcgen der Partie erwartungsgem\u00e4\u00df mehr Ballbesitz, Uerdingen wollte zun\u00e4chst offenbar sicher stehen, doch&hellip;\n","protected":false},"author":2,"featured_media":502049,"comment_status":"","ping_status":"","sticky":false,"template":"","format":"standard","meta":{"footnotes":""},"categories":[1838],"tags":[3364,29,3715,30,1550,3721,3718,1209],"class_list":{"0":"post-502048","1":"post","2":"type-post","3":"status-publish","4":"format-standard","5":"has-post-thumbnail","7":"category-duisburg","8":"tag-de","9":"tag-deutschland","10":"tag-duisburg","11":"tag-germany","12":"tag-kfc-uerdingen","13":"tag-msv-duisburg","14":"tag-niederrheinpokal","15":"tag-nordrhein-westfalen"},"share_on_mastodon":{"url":"https:\/\/pubeurope.com\/@de\/115381382923086036","error":""},"_links":{"self":[{"href":"https:\/\/www.europesays.com\/de\/wp-json\/wp\/v2\/posts\/502048","targetHints":{"allow":["GET"]}}],"collection":[{"href":"https:\/\/www.europesays.com\/de\/wp-json\/wp\/v2\/posts"}],"about":[{"href":"https:\/\/www.europesays.com\/de\/wp-json\/wp\/v2\/types\/post"}],"author":[{"embeddable":true,"href":"https:\/\/www.europesays.com\/de\/wp-json\/wp\/v2\/users\/2"}],"replies":[{"embeddable":true,"href":"https:\/\/www.europesays.com\/de\/wp-json\/wp\/v2\/comments?post=502048"}],"version-history":[{"count":0,"href":"https:\/\/www.europesays.com\/de\/wp-json\/wp\/v2\/posts\/502048\/revisions"}],"wp:featuredmedia":[{"embeddable":true,"href":"https:\/\/www.europesays.com\/de\/wp-json\/wp\/v2\/media\/502049"}],"wp:attachment":[{"href":"https:\/\/www.europesays.com\/de\/wp-json\/wp\/v2\/media?parent=502048"}],"wp:term":[{"taxonomy":"category","embeddable":true,"href":"https:\/\/www.europesays.com\/de\/wp-json\/wp\/v2\/categories?post=502048"},{"taxonomy":"post_tag","embeddable":true,"href":"https:\/\/www.europesays.com\/de\/wp-json\/wp\/v2\/tags?post=502048"}],"curies":[{"name":"wp","href":"https:\/\/api.w.org\/{rel}","templated":true}]}}