{"id":502052,"date":"2025-10-16T02:03:29","date_gmt":"2025-10-16T02:03:29","guid":{"rendered":"https:\/\/www.europesays.com\/de\/502052\/"},"modified":"2025-10-16T02:03:29","modified_gmt":"2025-10-16T02:03:29","slug":"nuernberg-unbekannte-greift-mutter-und-kind-an-regional","status":"publish","type":"post","link":"https:\/\/www.europesays.com\/de\/502052\/","title":{"rendered":"N\u00fcrnberg: Unbekannte greift Mutter und Kind an | Regional"},"content":{"rendered":"<p>N\u00fcrnberg \u2013 <b>Unvermittelt schlug eine Unbekannte in der Innenstadt einem kleinen Jungen auf den Nacken.<\/b><\/p>\n<p>Am 14.10.2025 war die 37-j\u00e4hrige Mutter mit ihrem 3-j\u00e4hrigen Sohn am Lorenzer Platz unterwegs, als die Frau gegen 15.45 Uhr zuschlug. Nach dem Angriff rempelte die T\u00e4terin die Mutter an und stie\u00df sie, bevor sie ihr gegen den Brustkorb schlug.<\/p>\n<p>Auch interessant<\/p>\n<p>Anzeige<\/p>\n<p>Auch interessant<\/p>\n<p>Anzeige<\/p>\n<p>Eine unbekannte Zeugin eilte der Mutter zur Hilfe. Zwei weitere Frauen, die in der N\u00e4he waren, berichteten, den Vorfall beobachtet zu haben.<\/p>\n<p>Die Angreiferin wird als dicklich beschrieben, mit schwarzen, mittellangen Haaren und kaputten Z\u00e4hnen. Sie trug ein r\u00f6tliches Oberteil, einen Rucksack mit einer Norma-T\u00fcte und schwarz\/wei\u00dfe Nike-Sneaker.<\/p>\n<p>Die Polizeiinspektion N\u00fcrnberg-Mitte ermittelt wegen K\u00f6rperverletzung und sucht Zeugen. Insbesondere die Frauen, die geholfen oder den Vorfall beobachtet haben, werden gebeten, sich unter der Nummer 0911-2112-6115 zu melden.<\/p>\n<p>Dieser Text basiert auf einer offiziellen Beh\u00f6rden-Information und wurde mit Hilfe von KI erstellt.<\/p>\n","protected":false},"excerpt":{"rendered":"N\u00fcrnberg \u2013 Unvermittelt schlug eine Unbekannte in der Innenstadt einem kleinen Jungen auf den Nacken. Am 14.10.2025 war&hellip;\n","protected":false},"author":2,"featured_media":464098,"comment_status":"","ping_status":"","sticky":false,"template":"","format":"standard","meta":{"footnotes":""},"categories":[1837],"tags":[772,3364,29,30,1000,2509,3783,121,45,1995],"class_list":{"0":"post-502052","1":"post","2":"type-post","3":"status-publish","4":"format-standard","5":"has-post-thumbnail","7":"category-nuernberg","8":"tag-bayern","9":"tag-de","10":"tag-deutschland","11":"tag-germany","12":"tag-gewalt","13":"tag-ki-ots","14":"tag-nuernberg","15":"tag-polizei","16":"tag-texttospeech","17":"tag-verbrechen"},"share_on_mastodon":{"url":"https:\/\/pubeurope.com\/@de\/115381390768583523","error":""},"_links":{"self":[{"href":"https:\/\/www.europesays.com\/de\/wp-json\/wp\/v2\/posts\/502052","targetHints":{"allow":["GET"]}}],"collection":[{"href":"https:\/\/www.europesays.com\/de\/wp-json\/wp\/v2\/posts"}],"about":[{"href":"https:\/\/www.europesays.com\/de\/wp-json\/wp\/v2\/types\/post"}],"author":[{"embeddable":true,"href":"https:\/\/www.europesays.com\/de\/wp-json\/wp\/v2\/users\/2"}],"replies":[{"embeddable":true,"href":"https:\/\/www.europesays.com\/de\/wp-json\/wp\/v2\/comments?post=502052"}],"version-history":[{"count":0,"href":"https:\/\/www.europesays.com\/de\/wp-json\/wp\/v2\/posts\/502052\/revisions"}],"wp:featuredmedia":[{"embeddable":true,"href":"https:\/\/www.europesays.com\/de\/wp-json\/wp\/v2\/media\/464098"}],"wp:attachment":[{"href":"https:\/\/www.europesays.com\/de\/wp-json\/wp\/v2\/media?parent=502052"}],"wp:term":[{"taxonomy":"category","embeddable":true,"href":"https:\/\/www.europesays.com\/de\/wp-json\/wp\/v2\/categories?post=502052"},{"taxonomy":"post_tag","embeddable":true,"href":"https:\/\/www.europesays.com\/de\/wp-json\/wp\/v2\/tags?post=502052"}],"curies":[{"name":"wp","href":"https:\/\/api.w.org\/{rel}","templated":true}]}}