{"id":502055,"date":"2025-10-16T02:05:14","date_gmt":"2025-10-16T02:05:14","guid":{"rendered":"https:\/\/www.europesays.com\/de\/502055\/"},"modified":"2025-10-16T02:05:14","modified_gmt":"2025-10-16T02:05:14","slug":"neuer-bahn-fahrplan-bringt-mehr-ice-verbindungen-und-sprinter","status":"publish","type":"post","link":"https:\/\/www.europesays.com\/de\/502055\/","title":{"rendered":"Neuer Bahn-Fahrplan bringt mehr ICE-Verbindungen und Sprinter"},"content":{"rendered":"<p>Fahrplanwechsel im Dezember <\/p>\n<p>Hannover bekommt mehr ICEs und Sprinter-Verbindungen<\/p>\n<p>16.10.2025 &#8211; 02:58 UhrLesedauer: 2 Min.<\/p>\n<p><a href=\"#focus-0\" class=\"transition-colors duration-200 block text-current relative\" data-sctrack=\"FocusGalleryImage.Reference\"><img fetchpriority=\"high\" data-testid=\"Opener.Image\" style=\"--lqipURL:url('https:\/\/images.t-online.de\/2025\/09\/VGaHuSYElTJR\/0x1:2048x1152\/fit-in\/150x0\/filters:blur(25)\/die-hinweistafel-im-hauptbahnhof-hannover-auf-der-bahnstrecke-zwischen-hannover-und-berlin-gibt-es-verspaetungen-und-ausfaelle-grund-ist-der-brand-eines-sicherungskastens.jpg')\"   loading=\"eager\" src=\"https:\/\/www.europesays.com\/de\/wp-content\/uploads\/2025\/10\/die-hinweistafel-im-hauptbahnhof-hannover-auf-der-bahnstrecke-zwischen-hannover-und-berlin-gibt-es-v.jpeg\" alt=\"Bahnhof Hannover - Zugstrecke Hannover-Berlin beeintr\u00e4chtigt\" title=\"Bahnhof Hannover - Zugstrecke Hannover-Berlin beeintr\u00e4chtigt\" width=\"2048\" height=\"1152\" class=\"bg-[url:var(--lqipURL)] bg-cover bg-center flex h-full w-full max-w-full\" decoding=\"async\"\/><img style=\"--width:32;--height:32\" loading=\"lazy\" src=\"https:\/\/www.t-online.de\/s\/paper\/_next\/static\/media\/zoom-in.f7dae02f.svg\" alt=\"Vergr\u00f6\u00dfern des Bildes\" title=\"Vergr\u00f6\u00dfern des Bildes\" class=\"block h-[calc(var(--height)_\/_16_*_1rem)] w-[calc(var(--width)_\/_16_*_1rem)] max-w-none absolute bottom-8 right-8 rounded-4 bg-snow p-8\" decoding=\"async\"\/><\/a><\/p>\n<p>Die Hinweistafel im Hauptbahnhof Hannover (Archivbild): Im Zuge des Fahrplanwechsels im Dezember kommen \u00c4nderungen auf Bahnreisende in Hannover zu. (Quelle: &#8211;\/dpa\/dpa-bilder)<\/p>\n<p class=\"font-bold text-18 leading-17\">Die Bahn erweitert den Fernverkehr in Hannover: Mehr ICEs, neue Sprinter und zus\u00e4tzliche Sitzpl\u00e4tze sollen f\u00fcr Entlastung sorgen.<\/p>\n<p class=\"text-18 leading-17\">Mit dem Fahrplanwechsel im Dezember wird der Fernverkehr in <a class=\"transition-colors duration-200 cursor-pointer text-inherit no-underline text-salemsfur md:hover:text-magenta md:hover:border-magenta md:focus:text-magenta border-current border-b border-solid break-words\" href=\"https:\/\/www.t-online.de\/region\/hannover\/\" data-sctrack=\"BodyAnchor\" rel=\"nofollow noopener\" target=\"_blank\">Hannover<\/a> ausgebaut. Wie die Bahn mitteilt, soll es wesentliche Verbesserungen auf den Verbindungen nach <a rel=\"nofollow noopener\" target=\"_blank\" class=\"transition-colors duration-200 cursor-pointer text-inherit no-underline text-salemsfur md:hover:text-magenta md:hover:border-magenta md:focus:text-magenta border-current border-b border-solid break-words\" href=\"https:\/\/hamburg.t-online.de\/region\/hamburg\/\" data-sctrack=\"BodyAnchor\">Hamburg<\/a>, Hannover, <a class=\"transition-colors duration-200 cursor-pointer text-inherit no-underline text-salemsfur md:hover:text-magenta md:hover:border-magenta md:focus:text-magenta border-current border-b border-solid break-words\" href=\"https:\/\/www.t-online.de\/themen\/goettingen\/\" data-sctrack=\"BodyAnchor\" rel=\"nofollow noopener\" target=\"_blank\">G\u00f6ttingen<\/a> und S\u00fcddeutschland geben. Dort sollen k\u00fcnftig die ICE-Z\u00fcge nahezu im Halbstundentakt verkehren, hei\u00dft es in einer Pressemitteilung.<\/p>\n<p class=\"text-18 leading-17\">Besonders Gesch\u00e4ftsreisende d\u00fcrfen sich freuen: Auf der Nord-S\u00fcd-Achse kommen drei weitere Sprinter Hamburg\u2013Frankfurt hinzu, die nur in Hannover halten. Viermal t\u00e4glich verbinden diese Sprinter die St\u00e4dte in nur dreieinhalb Stunden.<\/p>\n<p class=\"text-18 leading-17\">Bei den st\u00fcndlich verkehrenden ICE-Z\u00fcgen zwischen Hamburg\u2013Hannover\u2013W\u00fcrzburg\u2013M\u00fcnchen entf\u00e4llt das Teilen und Zusammenf\u00fchren der Zugteile nach und von <a class=\"transition-colors duration-200 cursor-pointer text-inherit no-underline text-salemsfur md:hover:text-magenta md:hover:border-magenta md:focus:text-magenta border-current border-b border-solid break-words\" href=\"https:\/\/www.t-online.de\/region\/bremen\/\" data-sctrack=\"BodyAnchor\" rel=\"nofollow noopener\" target=\"_blank\">Bremen<\/a>. Dies soll den Betrieb deutlich stabilisieren. Auch sollen mehr Sitzpl\u00e4tze auf der Strecke Hamburg-Hannover angeboten werden, in dem man l\u00e4ngere ICE-Z\u00fcge einsetzen will.<\/p>\n<p class=\"text-18 leading-17\">Allerdings m\u00fcssen auch Hannoveraner mit Einschr\u00e4nkungen leben. Eine direkte ICE-Verbindung \u00fcber Passau nach Wien entf\u00e4llt. Reisende m\u00fcssen k\u00fcnftig in <a rel=\"nofollow noopener\" target=\"_blank\" class=\"transition-colors duration-200 cursor-pointer text-inherit no-underline text-salemsfur md:hover:text-magenta md:hover:border-magenta md:focus:text-magenta border-current border-b border-solid break-words\" href=\"https:\/\/muenchen.t-online.de\/region\/muenchen\/\" data-sctrack=\"BodyAnchor\">M\u00fcnchen<\/a> umsteigen.<\/p>\n<p class=\"text-18 leading-17\">Der <a class=\"transition-colors duration-200 cursor-pointer text-inherit no-underline text-salemsfur md:hover:text-magenta md:hover:border-magenta md:focus:text-magenta border-current border-b border-solid break-words\" href=\"https:\/\/www.t-online.de\/themen\/flughafen\/\" data-sctrack=\"BodyAnchor\" rel=\"nofollow noopener\" target=\"_blank\">Flughafen<\/a> Hannover-Langenhagen verliert aufgrund sehr schwacher Nutzung seine wenigen Fernverkehrshalte. Auch die Halte in Peine entfallen aus demselben Grund, hei\u00dft es in der Pressemitteilung.<\/p>\n<p class=\"text-18 leading-17\">W\u00e4hrend der umfangreichen Bauarbeiten mit Totalsperrung auf der Strecke Hamburg\u2013Hannover vom <a class=\"transition-colors duration-200 cursor-pointer text-inherit no-underline text-salemsfur md:hover:text-magenta md:hover:border-magenta md:focus:text-magenta border-current border-b border-solid break-words\" href=\"https:\/\/www.t-online.de\/themen\/erster-mai\/\" data-sctrack=\"BodyAnchor\" rel=\"nofollow noopener\" target=\"_blank\">1. Mai<\/a> bis 10. Juli 2026 m\u00fcssen Reisende mit erheblichen Einschr\u00e4nkungen rechnen. Die etwa halbst\u00fcndlichen Verbindungen Hamburg\u2013Hannover\u2013S\u00fcddeutschland werden mit etwa 45 Minuten l\u00e4ngerer Fahrzeit zwischen Hamburg und Hannover umgeleitet.<\/p>\n<p class=\"text-18 leading-17\">Positiv entwickeln sich die internationalen Verbindungen: Die Nachtzugverbindung Hamburg\u2013Bremen\u2013Hannover\u2013G\u00f6ttingen\u2013Z\u00fcrich wird mit Nightjet-Z\u00fcgen bedient. Diese bieten Schlaf-, Sitz- und Liegewagen an \u2013 letztere auch mit sogenannten &#8222;Mini-Cabins&#8220; f\u00fcr Einzelreisende.<\/p>\n<p class=\"text-18 leading-17\">Eine neue Alpenverbindung entsteht ab Juni 2026: Freitags und samstags verkehrt ein ICE-Zugpaar aus Hannover via G\u00f6ttingen nach Schwarzach-St. Veit, samstags und sonntags retour. Die neuen Verbindungen k\u00f6nnen bereits gebucht werden.<\/p>\n","protected":false},"excerpt":{"rendered":"Fahrplanwechsel im Dezember Hannover bekommt mehr ICEs und Sprinter-Verbindungen 16.10.2025 &#8211; 02:58 UhrLesedauer: 2 Min. Die Hinweistafel im&hellip;\n","protected":false},"author":2,"featured_media":502056,"comment_status":"","ping_status":"","sticky":false,"template":"","format":"standard","meta":{"footnotes":""},"categories":[1836],"tags":[722,3176,2420,3364,29,81199,3600,2051,30,25890,692,72184,46,3601,125556,5706,1268,1411,25570,21136,15205],"class_list":{"0":"post-502055","1":"post","2":"type-post","3":"status-publish","4":"format-standard","5":"has-post-thumbnail","7":"category-hannover","8":"tag-722","9":"tag-3176","10":"tag-bremen","11":"tag-de","12":"tag-deutschland","13":"tag-fahrplanwechsel","14":"tag-fernverkehr","15":"tag-frankfurt-am-main","16":"tag-germany","17":"tag-goettingen","18":"tag-hamburg","19":"tag-hamburg-hannover","20":"tag-hannover","21":"tag-hauptbahnhof","22":"tag-hinweistafel","23":"tag-intercity-express","24":"tag-muenchen","25":"tag-niedersachsen","26":"tag-sitzplatz","27":"tag-sueddeutschland","28":"tag-wuerzburg"},"share_on_mastodon":{"url":"https:\/\/pubeurope.com\/@de\/115381399170773172","error":""},"_links":{"self":[{"href":"https:\/\/www.europesays.com\/de\/wp-json\/wp\/v2\/posts\/502055","targetHints":{"allow":["GET"]}}],"collection":[{"href":"https:\/\/www.europesays.com\/de\/wp-json\/wp\/v2\/posts"}],"about":[{"href":"https:\/\/www.europesays.com\/de\/wp-json\/wp\/v2\/types\/post"}],"author":[{"embeddable":true,"href":"https:\/\/www.europesays.com\/de\/wp-json\/wp\/v2\/users\/2"}],"replies":[{"embeddable":true,"href":"https:\/\/www.europesays.com\/de\/wp-json\/wp\/v2\/comments?post=502055"}],"version-history":[{"count":0,"href":"https:\/\/www.europesays.com\/de\/wp-json\/wp\/v2\/posts\/502055\/revisions"}],"wp:featuredmedia":[{"embeddable":true,"href":"https:\/\/www.europesays.com\/de\/wp-json\/wp\/v2\/media\/502056"}],"wp:attachment":[{"href":"https:\/\/www.europesays.com\/de\/wp-json\/wp\/v2\/media?parent=502055"}],"wp:term":[{"taxonomy":"category","embeddable":true,"href":"https:\/\/www.europesays.com\/de\/wp-json\/wp\/v2\/categories?post=502055"},{"taxonomy":"post_tag","embeddable":true,"href":"https:\/\/www.europesays.com\/de\/wp-json\/wp\/v2\/tags?post=502055"}],"curies":[{"name":"wp","href":"https:\/\/api.w.org\/{rel}","templated":true}]}}