{"id":502060,"date":"2025-10-16T02:08:12","date_gmt":"2025-10-16T02:08:12","guid":{"rendered":"https:\/\/www.europesays.com\/de\/502060\/"},"modified":"2025-10-16T02:08:12","modified_gmt":"2025-10-16T02:08:12","slug":"niedersachsen-bremen-tafel-kurzpraktikum-fuer-ministerpraesident-olaf-lies","status":"publish","type":"post","link":"https:\/\/www.europesays.com\/de\/502060\/","title":{"rendered":"Niedersachsen &#038; Bremen: Tafel-Kurzpraktikum f\u00fcr Ministerpr\u00e4sident Olaf Lies"},"content":{"rendered":"<p>                    Niedersachsen &amp; Bremen<br \/>\n                Tafel-Kurzpraktikum f\u00fcr Ministerpr\u00e4sident Olaf Lies<\/p>\n<p>\t\t\t\t              15.10.2025, 16:21 Uhr<\/p>\n<p><strong>Ohne die Tafeln ginge es f\u00fcr viele Menschen nicht, sich mit Lebensmitteln zu versorgen. Niedersachsens Ministerpr\u00e4sident half einen Tag lang bei der Tafel in Holzminden aus &#8211; und war beeindruckt.<\/strong><\/p>\n<p>Holzminden (dpa\/lni) &#8211; Olaf Lies steht im wei\u00dfen Hemd und mit oranger Sch\u00fcrze hinter einem Tresen und packt Tomaten, M\u00f6hren und anderes Gem\u00fcse in eine kleine Kiste. Der Tagesablauf des nieders\u00e4chsischen Ministerpr\u00e4sidenten wird an diesem Tag nicht von Kabinettssitzungen oder Parlamentsreden bestimmt, sondern von den Kunden der Holzmindener Tafel.\u00a0<\/p>\n<p>Der SPD-Politiker nutzt die Gelegenheit zu einem &#8222;Kurzpraktikum&#8220; bei dieser sozialen Einrichtung, um deren ehrenamtliche Mitarbeiterinnen und Mitarbeiter, aber auch deren Kundschaft einmal ins Scheinwerferlicht zu r\u00fccken \u2013 immerhin ist der Ministerpr\u00e4sident der Schirmherr des Landesverbandes f\u00fcr mehr als 100 Tafeln in Niedersachsen und Bremen.<\/p>\n<p>Beeindruckt vom Management\u00a0<\/p>\n<p>Lies zeigte sich im Nachhinein beeindruckt: Hinter einer Tafel stehe ein richtiges Management. &#8222;Ich muss die Ehrenamtlichen ja nicht nur gewinnen, sondern ich muss das dann auch noch organisieren&#8220;, berichtete der Regierungschef.\u00a0<\/p>\n<p>Sein Praktikum habe am Morgen damit begonnen, zu Superm\u00e4rkten zu fahren, die angebotenen Lebensmittel zu sortieren und anschlie\u00dfend zur Tafel zu bringen. Am Ende m\u00fcsse die Ware auch eine gute Qualit\u00e4t haben, sagte Lies. &#8222;Und das sieht man auch, wenn man die Ware hier sieht.&#8220;<\/p>\n<p>Ehrenamtliche mit Begeisterung dabei<\/p>\n<p>Sein Eindruck von den Helferinnen und Helfern: Alle seien mit Begeisterung dabei. &#8222;Das ist ein tolles Team, die haben auch Spa\u00df daran.&#8220; Die Holzmindener Tafel sei auch mit ihren R\u00e4umlichkeiten gut aufgestellt, denn das Geb\u00e4ude biete auch K\u00fchlm\u00f6glichkeiten und R\u00e4ume zum Ausruhen.<\/p>\n<p>&#8222;Das wird auch die Aufgabe des Staats sein, Infrastrukturen st\u00e4rker zu unterst\u00fctzen&#8220;, sagte Lies. Die Ehrenamtlichen leisteten viel, aber sie m\u00f6chten sich nicht auch noch um Strukturen k\u00fcmmern.<\/p>\n<p>Problem Altersarmut<\/p>\n<p>F\u00fcr die Politik sei es &#8222;ganz, ganz wichtig&#8220; daf\u00fcr zu sorgen, dass die Zahl der Menschen, die auf die Unterst\u00fctzung der Tafeln angewiesen sind, nicht weiter steige. Dazu geh\u00f6re, Menschen in Arbeit zu bringen mit einem Einkommen, um nicht nur sich selbst zu ern\u00e4hren, sondern auch ihre Familie. Aber auch um die Altersarmut von Menschen, die ihr Leben lang gearbeitet h\u00e4tten und nun feststellen m\u00fcssten, dass es zum Leben kaum reiche, m\u00fcsse sich die Politik k\u00fcmmern, sagte Lies.<\/p>\n","protected":false},"excerpt":{"rendered":"Niedersachsen &amp; Bremen Tafel-Kurzpraktikum f\u00fcr Ministerpr\u00e4sident Olaf Lies 15.10.2025, 16:21 Uhr Ohne die Tafeln ginge es f\u00fcr viele&hellip;\n","protected":false},"author":2,"featured_media":502061,"comment_status":"","ping_status":"","sticky":false,"template":"","format":"standard","meta":{"footnotes":""},"categories":[1824],"tags":[2420,3364,29,30,2422,1414,1411,1294,125557],"class_list":{"0":"post-502060","1":"post","2":"type-post","3":"status-publish","4":"format-standard","5":"has-post-thumbnail","7":"category-bremen","8":"tag-bremen","9":"tag-de","10":"tag-deutschland","11":"tag-germany","12":"tag-lies","13":"tag-ministerpraesident","14":"tag-niedersachsen","15":"tag-olaf","16":"tag-tafel-kurzpraktikum"},"share_on_mastodon":{"url":"https:\/\/pubeurope.com\/@de\/115381410475702865","error":""},"_links":{"self":[{"href":"https:\/\/www.europesays.com\/de\/wp-json\/wp\/v2\/posts\/502060","targetHints":{"allow":["GET"]}}],"collection":[{"href":"https:\/\/www.europesays.com\/de\/wp-json\/wp\/v2\/posts"}],"about":[{"href":"https:\/\/www.europesays.com\/de\/wp-json\/wp\/v2\/types\/post"}],"author":[{"embeddable":true,"href":"https:\/\/www.europesays.com\/de\/wp-json\/wp\/v2\/users\/2"}],"replies":[{"embeddable":true,"href":"https:\/\/www.europesays.com\/de\/wp-json\/wp\/v2\/comments?post=502060"}],"version-history":[{"count":0,"href":"https:\/\/www.europesays.com\/de\/wp-json\/wp\/v2\/posts\/502060\/revisions"}],"wp:featuredmedia":[{"embeddable":true,"href":"https:\/\/www.europesays.com\/de\/wp-json\/wp\/v2\/media\/502061"}],"wp:attachment":[{"href":"https:\/\/www.europesays.com\/de\/wp-json\/wp\/v2\/media?parent=502060"}],"wp:term":[{"taxonomy":"category","embeddable":true,"href":"https:\/\/www.europesays.com\/de\/wp-json\/wp\/v2\/categories?post=502060"},{"taxonomy":"post_tag","embeddable":true,"href":"https:\/\/www.europesays.com\/de\/wp-json\/wp\/v2\/tags?post=502060"}],"curies":[{"name":"wp","href":"https:\/\/api.w.org\/{rel}","templated":true}]}}