{"id":502070,"date":"2025-10-16T02:14:14","date_gmt":"2025-10-16T02:14:14","guid":{"rendered":"https:\/\/www.europesays.com\/de\/502070\/"},"modified":"2025-10-16T02:14:14","modified_gmt":"2025-10-16T02:14:14","slug":"protest-gegen-teil-standortschliessung-etkon-und-verlagerung-nach-china-%c2%b7-leipziger-zeitung","status":"publish","type":"post","link":"https:\/\/www.europesays.com\/de\/502070\/","title":{"rendered":"Protest gegen Teil-Standortschlie\u00dfung ETKON und Verlagerung nach China \u00b7 Leipziger Zeitung"},"content":{"rendered":"<p>Am Vormittag trafen sich Karsten Sch\u00fctze, Oberb\u00fcrgermeister von Markkleeberg und Petra K\u00f6pping, Staatsministerin f\u00fcr Soziales, Gesundheit und Gesellschaftlichen Zusammenhalt, Landrat f\u00fcr den Landkreis Leipzig, Henry Graichen und Michael Hecker, Zweiter Bevollm\u00e4chtigter IG Metall Leipzig, mit Mitgliedern des Betriebsrats von Etkon. Grund des Besuchs war der im September vom Unternehmen angek\u00fcndigte Abbau von 250 Arbeitspl\u00e4tzen bis Anfang 2026. <\/p>\n<p>Das Unternehmen hatte die Besch\u00e4ftigten informiert, dass die komplette Clear Correct Aligner-Produktion in Markkleeberg geschlossen werden soll, um sie nach China zu verlagern. Clear Correct Aligner sind transparente Kunststoffschienen, die verwendet werden, um Zahnfehlstellungen zu korrigieren.<\/p>\n<p>\u201eDie IG Metall steht an der Seite der Besch\u00e4ftigten von Etkon, die um den Standort und die Arbeitspl\u00e4tze k\u00e4mpfen. Obwohl hohe Gewinne eingefahren werden und der Betrieb wirtschaftlich gut dasteht, sollen hier Arbeitspl\u00e4tze vernichtet werden, nur um den Gewinn nach oben zu treiben\u201c, so Steffen Rei\u00dfig, Erster Bevollm\u00e4chtigter IG Metall Leipzig. \u201eWir fordern das Unternehmen auf, sich zum Standort und zu den Besch\u00e4ftigten zu bekennen, die mit ihrer guten Arbeit den Erfolg des Unternehmens erm\u00f6glichen.\u201c<\/p>\n<p>\u201eViele Besch\u00e4ftigte sind verunsichert und ver\u00e4rgert \u00fcber die Ank\u00fcndigung des Arbeitgebers. Deshalb braucht es jetzt einen transparenten Prozess und die intensive Pr\u00fcfung von alternativen Szenarien. Dazu m\u00fcssen alle Beteiligten die Situation analysieren, bewerten und konstruktiv an einer L\u00f6sung arbeiten. Schlie\u00dflich geht es um die Arbeitspl\u00e4tze von 250 Familien in der Region\u201c, sagt Michael Hecker, Zweiter Bevollm\u00e4chtigter IG Metall Leipzig.<\/p>\n<p>Das deutsche Unternehmen Etkon wurde 2007 vom Zahnimplantate-Hersteller Straumann mit Sitz in der Schweiz \u00fcbernommen. Der Standort in Markkleeberg produziert mit CAD\/CAM-Technologien hochwertigen Zahnersatz wie Kronen, Br\u00fccken, Totalprothesen und transparente Kunststoffschienen (Clear Correct Alginer). Markkleeberg gilt als das Leitwerk im Etkon-Verbund. Dort werden neue Technologien getestet, bevor sie in anderen Werken eingef\u00fchrt werden.<\/p>\n<p>Hintergrund<\/p>\n<p>2005 wurde in Markkleeberg bei Leipzig die Etkon-Niederlassung gegr\u00fcndet. Im Jahr 2007 hat die weltweit agierende Straumann Group das Unternehmen Etkon \u00fcbernommen. Heute produzieren dort 360 Besch\u00e4ftigte CAD\/CAM-gest\u00fctzt eine breite Palette von einfachen Einzelzahn-Versorgungen \u00fcber Kronen bis hin zu vielteiligen Ger\u00fcsten f\u00fcr zahngetragenen oder implantatgetragenen Zahnersatz. Kunden sind Dentallabore, die Zahn- oder Gebissabdr\u00fccke scannen und mit einer Software von Etkon oder anderen Anbietern den gew\u00fcnschten Zahnersatz designen. <\/p>\n<p>Aus diesen Datens\u00e4tzen erstellt der s\u00e4chsische Produktionsbetrieb die Fr\u00e4sdaten und produziert auf einer vollautomatischen Fertigungsstra\u00dfe die individuellen Teile. Der Standort gilt als das Leitwerk im Etkon-Verbund. In der Leipziger Region werden neue Technologien getestet, bevor sie in anderen Werken eingef\u00fchrt werden.<\/p>\n<p>Die Etkon GmbH hat in ihrem Jahresabschluss 2023 ein EBIT (Ergebnis vor Zinsen, Steuern und Gewinnabf\u00fchrung) von 3.503.000 Euro ver\u00f6ffentlicht. Dies entspricht einem Anstieg um 43 Prozent gegen\u00fcber 2022. Der Anstieg resultiert aus dem Umsatzanstieg im Bereich der Produktion von transparenten Zahnkorrekturschienen (Aligner) von 17.728.000 Euro (2022) auf 29.651.000 Euro im Jahr 2023.<\/p>\n","protected":false},"excerpt":{"rendered":"Am Vormittag trafen sich Karsten Sch\u00fctze, Oberb\u00fcrgermeister von Markkleeberg und Petra K\u00f6pping, Staatsministerin f\u00fcr Soziales, Gesundheit und Gesellschaftlichen&hellip;\n","protected":false},"author":2,"featured_media":502071,"comment_status":"","ping_status":"","sticky":false,"template":"","format":"standard","meta":{"footnotes":""},"categories":[1832],"tags":[3584,3364,29,30,744,71,14711,859],"class_list":{"0":"post-502070","1":"post","2":"type-post","3":"status-publish","4":"format-standard","5":"has-post-thumbnail","7":"category-leipzig","8":"tag-arbeitsplaetze","9":"tag-de","10":"tag-deutschland","11":"tag-germany","12":"tag-ig-metall","13":"tag-leipzig","14":"tag-markkleeberg","15":"tag-sachsen"},"share_on_mastodon":{"url":"https:\/\/pubeurope.com\/@de\/115381434508146730","error":""},"_links":{"self":[{"href":"https:\/\/www.europesays.com\/de\/wp-json\/wp\/v2\/posts\/502070","targetHints":{"allow":["GET"]}}],"collection":[{"href":"https:\/\/www.europesays.com\/de\/wp-json\/wp\/v2\/posts"}],"about":[{"href":"https:\/\/www.europesays.com\/de\/wp-json\/wp\/v2\/types\/post"}],"author":[{"embeddable":true,"href":"https:\/\/www.europesays.com\/de\/wp-json\/wp\/v2\/users\/2"}],"replies":[{"embeddable":true,"href":"https:\/\/www.europesays.com\/de\/wp-json\/wp\/v2\/comments?post=502070"}],"version-history":[{"count":0,"href":"https:\/\/www.europesays.com\/de\/wp-json\/wp\/v2\/posts\/502070\/revisions"}],"wp:featuredmedia":[{"embeddable":true,"href":"https:\/\/www.europesays.com\/de\/wp-json\/wp\/v2\/media\/502071"}],"wp:attachment":[{"href":"https:\/\/www.europesays.com\/de\/wp-json\/wp\/v2\/media?parent=502070"}],"wp:term":[{"taxonomy":"category","embeddable":true,"href":"https:\/\/www.europesays.com\/de\/wp-json\/wp\/v2\/categories?post=502070"},{"taxonomy":"post_tag","embeddable":true,"href":"https:\/\/www.europesays.com\/de\/wp-json\/wp\/v2\/tags?post=502070"}],"curies":[{"name":"wp","href":"https:\/\/api.w.org\/{rel}","templated":true}]}}