{"id":502072,"date":"2025-10-16T02:15:14","date_gmt":"2025-10-16T02:15:14","guid":{"rendered":"https:\/\/www.europesays.com\/de\/502072\/"},"modified":"2025-10-16T02:15:14","modified_gmt":"2025-10-16T02:15:14","slug":"leipzig-theaterfestival-bringt-globale-konflikte-auf-die-buehne","status":"publish","type":"post","link":"https:\/\/www.europesays.com\/de\/502072\/","title":{"rendered":"Leipzig: Theaterfestival bringt globale Konflikte auf die B\u00fchne"},"content":{"rendered":"<p class=\"text\">\nUnter dem Motto &#8222;Grenzen&#8220; l\u00e4dt die Bundeszentrale f\u00fcr politische Bildung zur 12. Ausgabe des Festivals &#8222;Politik im Freien Theater&#8220; ein. Austragungsort ist in diesem Jahr erstmals Leipzig. Organisatorin Anne Paffenholz sagte MDR KULTUR, die Stadt eigne sich durch ihre Kulturlandschaft und -infrastruktur gut f\u00fcr das Festival. Man achte bei der Auswahl der St\u00e4dte darauf, es abwechselnd in verschiedenen Bundesl\u00e4ndern stattfinden zu lassen.\n<\/p>\n<p><a name=\"sechzehn\">1<\/a>6 Produktionen an f\u00fcnf Leipziger Theaterh\u00e4usern<\/p>\n<p class=\"text\">\nBis zum 25. Oktober sind 16 <a href=\"https:\/\/www.mdr.de\/kultur\/theater\/leipzig-halle-theater-oktober-tipps-106.html\" title=\"Leipzig &amp; Halle: 6 besondere St\u00fccke im Theater im Oktober\" rel=\"nofollow noopener\" target=\"_blank\">Tanz- und Theaterperformances<\/a> zu sehen. Sie alle sind Gastspiele und setzen sich k\u00fcnstlerisch mit dem Thema des diesj\u00e4hrigen Festivals &#8222;Grenzen&#8220; auseinander.\n<\/p>\n<p class=\"text\">\nAufgef\u00fchrt werden die Performances in den f\u00fcnf Theaterh\u00e4usern, die am Festival teilnehmen: Schauspiel Leipzig und Theater der Jungen Welt als st\u00e4dtische Akteure sowie das Lofft-Theater, die Schaub\u00fchne Lindenfels und das Westfl\u00fcgel-Theaterzentrum als <a href=\"https:\/\/www.mdr.de\/nachrichten\/sachsen\/leipzig\/kunst-kulturschaffende-bund-honorar-untergrenzen-kultur-news-100.html\" title=\"Neu ab 1. Juli 2024: Mindest-Honorare f\u00fcr freie Kultur- und Kunstschaffende\" rel=\"nofollow noopener\" target=\"_blank\">Freie Theater<\/a>. Weitere Akteure der Freien Theater haben sich f\u00fcr das Projekt &#8222;Backstage&#8220; am Hauptbahnhof zusammengetan und veranstalten dort ab Sonnabend t\u00e4glich Performances, Workshops und Diskussionen.\n<\/p>\n<p class=\"text\">\nNeben den Theater- und Tanzproduktionen wird es auch Ausstellungen, Diskussionen und Filmvorf\u00fchrungen geben sowie k\u00fcnstlerische Stadtspazierg\u00e4nge. Das Rahmenprogramm findet an mehr als 60 Veranstaltungsorten in und um <a href=\"https:\/\/www.mdr.de\/kultur\/ausflug-tipps\/leipzig-sehenswuerdigkeiten-sightseeing-highlights-104.html\" title=\"Leipzig: Die 10 spannendsten Sehensw\u00fcrdigkeiten\" rel=\"nofollow noopener\" target=\"_blank\">Leipzig<\/a> statt.\n<\/p>\n<p><a name=\"K\">K<\/a>onflikt Israel-Pal\u00e4stina wird k\u00fcnstlerisch aufgegriffen<\/p>\n<p class=\"text\">\nDas Theaterst\u00fcck &#8222;The Director&#8217;s Guide for Theater During Wartime&#8220; greift k\u00fcnstlerisch den Nahostkonflikt auf \u2013 und begibt sich daf\u00fcr auf die Metaebene. Das St\u00fcck erz\u00e4hlt von zwei israelischen Regisseuren, die f\u00fcr ein Festival in Frankreich ein St\u00fcck \u00fcber den Nahostkonflikt schreiben sollen und daran lernen, wie kompliziert und vielschichtig die Umsetzung f\u00fcr die B\u00fchne ist. Idee und Buch stammen von Ido Shaked und Hannan Ishay \u2013 die ebenfalls Regisseure aus Israel sind.\n<\/p>\n<p class=\"text\">\nDas Festival versuche damit, die aktuelle politische Debatte um den Nahostkonflikt aufzugreifen, sagt Organisatorin Anne Paffenholz. Im Anschluss an die Auff\u00fchrung werde es ein Publikumsgespr\u00e4ch geben. Damit solle versucht werden, nicht in der <a href=\"https:\/\/www.mdr.de\/nachrichten\/thueringen\/mitte-thueringen\/weimar\/gaza-antisemitismus-buchenwald-israel-krieg-kultur-news-100.html\" title=\"Gedenkst\u00e4tten-Leiter Wagner: &quot;Die Debatte um den Krieg in Nahost ist absolut vergiftet.&quot;\" rel=\"nofollow noopener\" target=\"_blank\">Polarisierung<\/a> steckenzubleiben, sondern l\u00f6sungsorientiert an Konflikte heranzugehen.\n<\/p>\n<p>Tanzperformance zeigt Schwarze Kultur in Deutschland<\/p>\n<p class=\"text\">\nDas Tanzst\u00fcck &#8222;Ich nehm dir alles weg \u2013 ein Schlagerballett&#8220; hangelt sich entlang an der Frage, wie wichtig Exotik in der Unterhaltungsindustrie und im Schlager in Deutschland sind. So werden im St\u00fcck Roberto Blanco, Roy Black und Marie Nejar dargestellt \u2013 vor allem zeigt Regisseurin Joana Tischkau aber mit viel Humor, welche Schattenseiten das Showbusiness f\u00fcr Schwarze Menschen in Deutschland hatte und hat.\n<\/p>\n<p><a name=\"F\">F<\/a>estival auch im Leipziger Umland<\/p>\n<p class=\"text\">\nNicht nur Leipzig ist Austragungsort des Festivals \u2013 einige Veranstaltungen finden auch in <a href=\"https:\/\/www.mdr.de\/kultur\/literatur\/joachim-ringelnatz-fakten-leben-102.html\" title=\"Joachim Ringelnatz: 6 spannende Fakten \u00fcber den Dichter aus Wurzen\" rel=\"nofollow noopener\" target=\"_blank\">Wurzen<\/a>, Zwenkau und Pegau statt. In Wurzen zum Beispiel l\u00e4dt bereits seit 15. Oktober die Ausstellung &#8222;Wurzen webt weiter&#8220; in den Teppichladen ein.\n<\/p>\n<p class=\"text\">\nDas Festival wird finanziell gef\u00f6rdert von der Stadt Leipzig und dem S\u00e4chsischen Kulturministerium. Die letzte Ausgabe fand 2022 in Frankfurt am Main statt.<\/p>\n","protected":false},"excerpt":{"rendered":"Unter dem Motto &#8222;Grenzen&#8220; l\u00e4dt die Bundeszentrale f\u00fcr politische Bildung zur 12. Ausgabe des Festivals &#8222;Politik im Freien&hellip;\n","protected":false},"author":2,"featured_media":502073,"comment_status":"","ping_status":"","sticky":false,"template":"","format":"standard","meta":{"footnotes":""},"categories":[1832],"tags":[43455,3364,29,5561,62608,125558,30,16311,66,71,125560,81,125562,16,125559,859,48713,6903,94,59340,15707,125561,89152],"class_list":{"0":"post-502072","1":"post","2":"type-post","3":"status-publish","4":"format-standard","5":"has-post-thumbnail","7":"category-leipzig","8":"tag-bundeszentrale-fuer-politische-bildung","9":"tag-de","10":"tag-deutschland","11":"tag-festival","12":"tag-freie-szene","13":"tag-freies-theater","14":"tag-germany","15":"tag-grenzen","16":"tag-kulturnachrichten","17":"tag-leipzig","18":"tag-lofft","19":"tag-mdr","20":"tag-paffenholz","21":"tag-politik","22":"tag-politik-im-freien-theater","23":"tag-sachsen","24":"tag-schaubuehne-lindenfels","25":"tag-schauspiel","26":"tag-theater","27":"tag-theater-der-jungen-welt","28":"tag-theaterfestival","29":"tag-westfluegel","30":"tag-wurzen"},"share_on_mastodon":{"url":"https:\/\/pubeurope.com\/@de\/115381438298346633","error":""},"_links":{"self":[{"href":"https:\/\/www.europesays.com\/de\/wp-json\/wp\/v2\/posts\/502072","targetHints":{"allow":["GET"]}}],"collection":[{"href":"https:\/\/www.europesays.com\/de\/wp-json\/wp\/v2\/posts"}],"about":[{"href":"https:\/\/www.europesays.com\/de\/wp-json\/wp\/v2\/types\/post"}],"author":[{"embeddable":true,"href":"https:\/\/www.europesays.com\/de\/wp-json\/wp\/v2\/users\/2"}],"replies":[{"embeddable":true,"href":"https:\/\/www.europesays.com\/de\/wp-json\/wp\/v2\/comments?post=502072"}],"version-history":[{"count":0,"href":"https:\/\/www.europesays.com\/de\/wp-json\/wp\/v2\/posts\/502072\/revisions"}],"wp:featuredmedia":[{"embeddable":true,"href":"https:\/\/www.europesays.com\/de\/wp-json\/wp\/v2\/media\/502073"}],"wp:attachment":[{"href":"https:\/\/www.europesays.com\/de\/wp-json\/wp\/v2\/media?parent=502072"}],"wp:term":[{"taxonomy":"category","embeddable":true,"href":"https:\/\/www.europesays.com\/de\/wp-json\/wp\/v2\/categories?post=502072"},{"taxonomy":"post_tag","embeddable":true,"href":"https:\/\/www.europesays.com\/de\/wp-json\/wp\/v2\/tags?post=502072"}],"curies":[{"name":"wp","href":"https:\/\/api.w.org\/{rel}","templated":true}]}}