{"id":502082,"date":"2025-10-16T02:23:15","date_gmt":"2025-10-16T02:23:15","guid":{"rendered":"https:\/\/www.europesays.com\/de\/502082\/"},"modified":"2025-10-16T02:23:15","modified_gmt":"2025-10-16T02:23:15","slug":"polizei-stoppt-autofahrer-mit-zwei-kilo-kokain-im-gepaeck","status":"publish","type":"post","link":"https:\/\/www.europesays.com\/de\/502082\/","title":{"rendered":"Polizei stoppt Autofahrer mit zwei Kilo Kokain im Gep\u00e4ck"},"content":{"rendered":"<p>Fahrer fl\u00fcchtet vor Polizei <\/p>\n<p>Verfolgungsjagd auf der A4 \u2013 Ermittler finden Drogen und Bargeld<\/p>\n<p>16.10.2025 &#8211; 03:27 UhrLesedauer: 1 Min.<\/p>\n<p><a href=\"#focus-0\" class=\"transition-colors duration-200 block text-current relative\" data-sctrack=\"FocusGalleryImage.Reference\"><img fetchpriority=\"high\" data-testid=\"Opener.Image\" style=\"--lqipURL:url('https:\/\/images.t-online.de\/2024\/09\/NEfu50UkJAPQ\/0x81:2048x1152\/fit-in\/150x0\/filters:blur(25)\/die-polizei-hat-in-gronau-zwei-maennliche-leichen-entdeckt-foto-symbol.jpg')\"   loading=\"eager\" src=\"https:\/\/www.europesays.com\/de\/wp-content\/uploads\/2025\/04\/die-polizei-hat-in-gronau-zwei-maennliche-leichen-entdeckt-foto-symbol.jpg\" alt=\"Polizei\" title=\"Polizei\" width=\"2048\" height=\"1152\" class=\"bg-[url:var(--lqipURL)] bg-cover bg-center flex h-full w-full max-w-full\" decoding=\"async\"\/><img style=\"--width:32;--height:32\" loading=\"lazy\" src=\"https:\/\/www.t-online.de\/s\/paper\/_next\/static\/media\/zoom-in.f7dae02f.svg\" alt=\"Vergr\u00f6\u00dfern des Bildes\" title=\"Vergr\u00f6\u00dfern des Bildes\" class=\"block h-[calc(var(--height)_\/_16_*_1rem)] w-[calc(var(--width)_\/_16_*_1rem)] max-w-none absolute bottom-8 right-8 rounded-4 bg-snow p-8\" decoding=\"async\"\/><\/a><\/p>\n<p>Blaulicht auf einem Streifenwagen (Symbolbild): Die Beamten konnten den Mann am Montagnachmittag festnehmen. (Quelle: Friso Gentsch\/dpa\/dpa-bilder)<\/p>\n<p class=\"font-bold text-18 leading-17\">Eine Kontrolle auf der A4 endete in einer Verfolgungsjagd: In Frechen bei K\u00f6ln griff die Polizei zu \u2013 und machte einen brisanten Fund.<\/p>\n<p class=\"text-18 leading-17\">In Frechen bei <a class=\"transition-colors duration-200 cursor-pointer text-inherit no-underline text-salemsfur md:hover:text-magenta md:hover:border-magenta md:focus:text-magenta border-current border-b border-solid break-words\" href=\"https:\/\/www.t-online.de\/region\/koeln\/\" data-sctrack=\"BodyAnchor\" rel=\"nofollow noopener\" target=\"_blank\">K\u00f6ln<\/a> hat die Polizei am Montagnachmittag einen 45-j\u00e4hrigen Autofahrer nach einer Verfolgungsjagd festgenommen. In seiner Tasche fanden die Beamten fast zwei Kilogramm mutma\u00dfliches Kokain sowie Bargeld. Der Mann befindet sich jetzt in Untersuchungshaft.<\/p>\n<p class=\"text-18 leading-17\">Gegen 14.50 Uhr wollten Beamte der Polizei K\u00f6ln den Verd\u00e4chtigen auf der Bundesautobahn A4 im Bereich Frechen-S\u00fcd f\u00fcr eine Kontrolle stoppen. Der 45-J\u00e4hrige missachtete die Anhaltezeichen, beschleunigte sein Fahrzeug und fl\u00fcchtete \u00fcber den Seitenstreifen ins Frechener Stadtgebiet. Dabei fuhr er mit \u00fcberh\u00f6hter Geschwindigkeit und ignorierte mehrere rote Ampeln.<\/p>\n<p class=\"text-18 leading-17\">Die Polizisten verfolgten den Mann und entdeckten kurze Zeit sp\u00e4ter das verlassene Auto im Bereich der <a class=\"transition-colors duration-200 cursor-pointer text-inherit no-underline text-salemsfur md:hover:text-magenta md:hover:border-magenta md:focus:text-magenta border-current border-b border-solid break-words\" href=\"https:\/\/www.t-online.de\/themen\/lindenstrasse\/\" data-sctrack=\"BodyAnchor\" rel=\"nofollow noopener\" target=\"_blank\">Lindenstra\u00dfe<\/a>. Der Fl\u00fcchtige hatte seine Flucht zu Fu\u00df mit einer Tasche fortgesetzt. Die Beamten liefen ihm nach und konnten ihn kurz darauf stellen und festnehmen.<\/p>\n<p class=\"text-18 leading-17\">Bei der Festnahme leistete der 45-J\u00e4hrige Widerstand gegen die Polizisten. Dabei erlitt ein Beamter leichte Verletzungen, auch der Beschuldigte zog sich leichte Verletzungen zu. In der mitgef\u00fchrten Tasche entdeckten die Beamten P\u00e4ckchen mit fast zwei Kilogramm mutma\u00dflichem Kokain sowie Bargeld.<\/p>\n<p class=\"text-18 leading-17\">Die Polizisten stellten die Identit\u00e4t des Mannes fest und fertigten Strafanzeigen. Sie stellten die aufgefundenen Drogen, zwei Mobiltelefone, Bargeld und das Auto sicher. Im weiteren Verlauf brachten Beamte den Beschuldigten in Untersuchungshaft. Die Ermittlungen des Kriminalkommissariats 13 der Polizei <a class=\"transition-colors duration-200 cursor-pointer text-inherit no-underline text-salemsfur md:hover:text-magenta md:hover:border-magenta md:focus:text-magenta border-current border-b border-solid break-words\" href=\"https:\/\/www.t-online.de\/themen\/rhein-erft-kreis\/\" data-sctrack=\"BodyAnchor\" rel=\"nofollow noopener\" target=\"_blank\">Rhein-Erft-Kreis<\/a> dauern an.<\/p>\n","protected":false},"excerpt":{"rendered":"Fahrer fl\u00fcchtet vor Polizei Verfolgungsjagd auf der A4 \u2013 Ermittler finden Drogen und Bargeld 16.10.2025 &#8211; 03:27 UhrLesedauer:&hellip;\n","protected":false},"author":2,"featured_media":502083,"comment_status":"","ping_status":"","sticky":false,"template":"","format":"standard","meta":{"footnotes":""},"categories":[1828],"tags":[722,3176,513,1950,29,433,514,980,54735,125563,30,1346,1420,1209,121,40],"class_list":{"0":"post-502082","1":"post","2":"type-post","3":"status-publish","4":"format-standard","5":"has-post-thumbnail","7":"category-koeln","8":"tag-722","9":"tag-3176","10":"tag-auto","11":"tag-blaulicht","12":"tag-deutschland","13":"tag-drogen","14":"tag-fahrzeug","15":"tag-festnahme","16":"tag-frechen","17":"tag-frechen-sued","18":"tag-germany","19":"tag-kokain","20":"tag-koeln","21":"tag-nordrhein-westfalen","22":"tag-polizei","23":"tag-verfolgungsjagd"},"share_on_mastodon":{"url":"https:\/\/pubeurope.com\/@de\/115381469694440255","error":""},"_links":{"self":[{"href":"https:\/\/www.europesays.com\/de\/wp-json\/wp\/v2\/posts\/502082","targetHints":{"allow":["GET"]}}],"collection":[{"href":"https:\/\/www.europesays.com\/de\/wp-json\/wp\/v2\/posts"}],"about":[{"href":"https:\/\/www.europesays.com\/de\/wp-json\/wp\/v2\/types\/post"}],"author":[{"embeddable":true,"href":"https:\/\/www.europesays.com\/de\/wp-json\/wp\/v2\/users\/2"}],"replies":[{"embeddable":true,"href":"https:\/\/www.europesays.com\/de\/wp-json\/wp\/v2\/comments?post=502082"}],"version-history":[{"count":0,"href":"https:\/\/www.europesays.com\/de\/wp-json\/wp\/v2\/posts\/502082\/revisions"}],"wp:featuredmedia":[{"embeddable":true,"href":"https:\/\/www.europesays.com\/de\/wp-json\/wp\/v2\/media\/502083"}],"wp:attachment":[{"href":"https:\/\/www.europesays.com\/de\/wp-json\/wp\/v2\/media?parent=502082"}],"wp:term":[{"taxonomy":"category","embeddable":true,"href":"https:\/\/www.europesays.com\/de\/wp-json\/wp\/v2\/categories?post=502082"},{"taxonomy":"post_tag","embeddable":true,"href":"https:\/\/www.europesays.com\/de\/wp-json\/wp\/v2\/tags?post=502082"}],"curies":[{"name":"wp","href":"https:\/\/api.w.org\/{rel}","templated":true}]}}