{"id":502086,"date":"2025-10-16T02:25:20","date_gmt":"2025-10-16T02:25:20","guid":{"rendered":"https:\/\/www.europesays.com\/de\/502086\/"},"modified":"2025-10-16T02:25:20","modified_gmt":"2025-10-16T02:25:20","slug":"identitaet-des-toten-nach-hausbrand-in-muenchen-lerchenau-geklaert-2","status":"publish","type":"post","link":"https:\/\/www.europesays.com\/de\/502086\/","title":{"rendered":"Identit\u00e4t des Toten nach Hausbrand in M\u00fcnchen-Lerchenau gekl\u00e4rt"},"content":{"rendered":"<ol class=\"id-DonaldBreadcrumb lp_west_breadcrumb id-DonaldBreadcrumb--default\" data-k5a-pos=\"west_breadcrumb\">\n<li class=\"id-Breadcrumb-item\"><a href=\"https:\/\/www.rosenheim24.de\/\" class=\"id-Breadcrumb-link\" data-id-ec=\"{\" shn=\"\" textlink=\"\" data-k5a-pos=\"1_rosenheim24De\" rel=\"nofollow noopener\" target=\"_blank\">rosenheim24-de<\/a><\/li>\n<li class=\"id-Breadcrumb-item\"><a href=\"https:\/\/www.rosenheim24.de\/bayern\/\" class=\"id-Breadcrumb-link\" data-id-ec=\"{\" shn=\"\" textlink=\"\" data-k5a-pos=\"2_bayern\" rel=\"nofollow noopener\" target=\"_blank\">Bayern<\/a><\/li>\n<li class=\"id-Breadcrumb-item\"><a href=\"https:\/\/www.rosenheim24.de\/bayern\/muenchen\/\" class=\"id-Breadcrumb-link\" data-id-ec=\"{\" shn=\"\" textlink=\"\" data-k5a-pos=\"3_muenchen\" rel=\"nofollow noopener\" target=\"_blank\">M\u00fcnchen<\/a><\/li>\n<\/ol>\n<p class=\"id-Story-timestamp id-Story-timestamp--default\">Stand: 15.10.2025, 17:11 Uhr<\/p>\n<p class=\"id-Story-authors id-Story-authors--default\">Von: <a class=\"id-Story-authors-link lp_west_author\" href=\"https:\/\/www.rosenheim24.de\/autor\/felix-graf-os8j9cys8.html\" title=\"Zur Autorenseite von Felix Graf\" data-id-ec=\"{\" shn=\"\" author-link=\"\" graf=\"\" data-k5a-pos=\"west_author\" rel=\"nofollow noopener\" target=\"_blank\">Felix Graf<\/a><\/p>\n<p class=\"id-Story-interactionBar id-Story-interactionBar--default\">DruckenTeilen<\/p>\n<p><img decoding=\"async\" class=\"id-RatioPlaceholder-element wv_story_el_image\" src=\"https:\/\/www.europesays.com\/de\/wp-content\/uploads\/2025\/10\/1760581519_678_39936386-brand-in-muenchen-grosseinsatz-von-polizei-und-feuerwehr-N7a.jpg\" loading=\"eager\" fetchpriority=\"high\"   height=\"792\" width=\"1408\" alt=\"Brand in M&#xFC;nchen - Gro&#xDF;einsatz von Polizei und Feuerwehr\"\/>Auch ein Transporter brannte aus. \u00a9\u00a0Felix H\u00f6rhager\/dpa<\/p>\n<p class=\"id-StoryElement-leadText\">Am 1. Oktober hat M\u00fcnchen einen dramatischen Vorfall erlebt, der die Stadt in Atem hielt. Nach einem Gro\u00dfbrand mit Explosionen in einem Wohnhaus ist nun die Identit\u00e4t der geborgenen Leiche gekl\u00e4rt worden. <\/p>\n<p class=\"id-StoryElement-paragraph\"><strong>M\u00fcnchen \u2013 <\/strong>Bei der Leiche, die nach einem Gro\u00dfbrand und mehreren Explosionen in einem M\u00fcnchner Wohnhaus geborgen wurde, <strong>handelt es sich um den Vater des Tatverd\u00e4chtigen<\/strong>. Das hat die Obduktion ergeben, wie eine Sprecherin des Polizeipr\u00e4sidiums M\u00fcnchen der Deutschen Presse-Agentur auf Anfrage mitteilte. <strong>Zur genauen Todesursache machte sie zun\u00e4chst keine Angaben.<\/strong><\/p>\n<p>Gro\u00dfeinsatz nach Explosionen in M\u00fcnchen-Lerchenau am 1. Oktober<img decoding=\"async\" class=\"id-RatioPlaceholder-element wv_story_el_interstitialImage\" src=\"https:\/\/www.europesays.com\/de\/wp-content\/uploads\/2025\/10\/1760581520_735_39926130-grosseinsatz-nach-explosionen-in-muenchen-lerchenau-am-oktober-yfe.jpg\" loading=\"lazy\"   height=\"1024\" width=\"1535\" alt=\"Gro&#xDF;einsatz nach Explosionen in M&#xFC;nchen-Lerchenau am 1. Oktober\"\/><a href=\"https:\/\/www.rosenheim24.de\/bayern\/muenchen\/fotos-grosseinsatz-nach-explosionen-in-muenchen-lerchenau-am-oktober-93964306.html\" class=\"id-StoryElement-intestitialLink-link\" data-id-ec=\"{\" shn=\"\" ansehen=\"\" data-k5a-pos=\"west_story_9_photoGalleryLink\" title=\"Zur Fotostrecke: Gro&#xDF;einsatz nach Explosionen in M&#xFC;nchen-Lerchenau am 1. Oktober\" rel=\"nofollow noopener\" target=\"_blank\">Fotostrecke ansehen<\/a><\/p>\n<p class=\"id-StoryElement-paragraph\">Der 90-J\u00e4hrige war am Mittwoch (1. Oktober) <strong>tot in seinem Haus in der Glockenblumenstra\u00dfe im Stadtteil Lerchenau<\/strong> gefunden worden. <a href=\"https:\/\/www.rosenheim24.de\/bayern\/muenchen\/muenchen-grosseinsatz-in-lerchenau-bombendrohung-oktoberfest-verdaechtiger-wuenscht-bombiges-wiesn-erlebnis-93966165.html\" class=\"id-import-Link\" data-id-ec=\"{&quot;sht&quot;:&quot;Container&quot;,&quot;shn&quot;:&quot;Story&quot;,&quot;p&quot;:{&quot;containerType&quot;:&quot;Paragraph&quot;,&quot;displayType&quot;:&quot;Paragraph InlineLink&quot;,&quot;type&quot;:&quot;INLINE_LINK&quot;,&quot;value&quot;:&quot;Sein Sohn hatte das Geb&#xE4;ude mutma&#xDF;lich angez&#xFC;ndet und mit Sprengfallen versehen.&quot;,&quot;variant&quot;:&quot;standardLink&quot;,&quot;sponsored&quot;:false,&quot;linkHref&quot;:&quot;https:\/\/www.rosenheim24.de\/bayern\/muenchen\/muenchen-grosseinsatz-in-lerchenau-bombendrohung-oktoberfest-verdaechtiger-wuenscht-bombiges-wiesn-erlebnis-93966165.html&quot;,&quot;storyElementPosition&quot;:11,&quot;storyElementCount&quot;:23}}\" rel=\"nofollow noopener\" target=\"_blank\">Sein Sohn hatte das Geb\u00e4ude mutma\u00dflich angez\u00fcndet und mit Sprengfallen versehen.<\/a> Gegen 4.40 Uhr am fr\u00fchen Morgen war das Haus in Vollbrand geraten. <strong>Als die Einsatzkr\u00e4fte eintrafen, fl\u00fcchtete der 57-j\u00e4hrige Deutsche vor der Polizei und nahm sich schlie\u00dflich am Lerchenauer See das Leben.<\/strong> Bei dem Vorfall wurden die 81-j\u00e4hrige Mutter des Tatverd\u00e4chtigen und seine 21-j\u00e4hrige Tochter verletzt.<\/p>\n<p>Oktoberfest stundenlang gesperrt<\/p>\n<p class=\"id-StoryElement-paragraph\">In dem Zusammenhang wurde auch das Oktoberfest bis zum sp\u00e4ten Nachmittag gesperrt worden, nachdem ein bedrohliches Schreiben des Tatverd\u00e4chtigen aufgetaucht war. <a href=\"https:\/\/www.rosenheim24.de\/bayern\/muenchen\/explosionen-schuesse-tote-und-bombendrohung-in-muenchen-was-wir-wissen-und-was-nicht-93966437.html\" class=\"id-import-Link\" data-id-ec=\"{&quot;sht&quot;:&quot;Container&quot;,&quot;shn&quot;:&quot;Story&quot;,&quot;p&quot;:{&quot;containerType&quot;:&quot;Paragraph&quot;,&quot;displayType&quot;:&quot;Paragraph InlineLink&quot;,&quot;type&quot;:&quot;INLINE_LINK&quot;,&quot;value&quot;:&quot;Darin k&#xFC;ndigte er ein &#x201E;bombiges Erlebnis&#x201C; auf der Wiesn an &#x2013; eine Drohung, die die Polizei vor dem Hintergrund der Sprengfallen und Explosionen ernst nahm.&quot;,&quot;variant&quot;:&quot;standardLink&quot;,&quot;sponsored&quot;:false,&quot;linkHref&quot;:&quot;https:\/\/www.rosenheim24.de\/bayern\/muenchen\/explosionen-schuesse-tote-und-bombendrohung-in-muenchen-was-wir-wissen-und-was-nicht-93966437.html&quot;,&quot;storyElementPosition&quot;:14,&quot;storyElementCount&quot;:23}}\" rel=\"nofollow noopener\" target=\"_blank\"><strong>Darin k\u00fcndigte er ein \u201ebombiges Erlebnis\u201c auf der Wiesn an \u2013 eine Drohung, die die Polizei vor dem Hintergrund der Sprengfallen und Explosionen ernst nahm.<\/strong><\/a> Der 57-J\u00e4hrige hatte einen Rucksack mit einer Sprengvorrichtung bei sich, die vor der Bergung seiner Leiche entsch\u00e4rft werden musste. <strong>Das Oktoberfest konnte erst am Abend um 17.30 Uhr wieder \u00f6ffnen.<\/strong><\/p>\n<p>Weitere Drohbriefe entdeckt<\/p>\n<p class=\"id-StoryElement-paragraph\">Die Ermittlungen hatten ergeben, dass der Tatverd\u00e4chtige vor seiner Tat mindestens vier weitere Briefe an verschiedene Adressaten verschickt hatte. Diese sind mit dem Datum 24. September 2025 gezeichnet und bringen seinen Unmut \u00fcber den Staat zum Ausdruck.<a href=\"https:\/\/www.rosenheim24.de\/bayern\/muenchen\/oktoberfest-drohung-toter-brandstifter-verschickte-weitere-briefe-93971770.html\" class=\"id-import-Link\" data-id-ec=\"{&quot;sht&quot;:&quot;Container&quot;,&quot;shn&quot;:&quot;Story&quot;,&quot;p&quot;:{&quot;containerType&quot;:&quot;Paragraph&quot;,&quot;displayType&quot;:&quot;Paragraph InlineLink&quot;,&quot;type&quot;:&quot;INLINE_LINK&quot;,&quot;value&quot;:&quot; In mindestens einem Brief k&#xFC;ndigte er weitere &#x201E;&#xDC;berraschungen&#x201C; an.&quot;,&quot;variant&quot;:&quot;standardLink&quot;,&quot;sponsored&quot;:false,&quot;linkHref&quot;:&quot;https:\/\/www.rosenheim24.de\/bayern\/muenchen\/oktoberfest-drohung-toter-brandstifter-verschickte-weitere-briefe-93971770.html&quot;,&quot;storyElementPosition&quot;:16,&quot;storyElementCount&quot;:23}}\" rel=\"nofollow noopener\" target=\"_blank\"> In mindestens einem Brief k\u00fcndigte er weitere <strong>\u201e\u00dcberraschungen\u201c<\/strong> an.<\/a> Eines der Schreiben ging direkt an das Polizeipr\u00e4sidium M\u00fcnchen.<\/p>\n<p>Gro\u00dfeinsatz in M\u00fcnchen-Lerchenau am Mittwoch (1. Oktober)<img decoding=\"async\" class=\"id-RatioPlaceholder-element wv_story_el_interstitialImage\" src=\"https:\/\/www.europesays.com\/de\/wp-content\/uploads\/2025\/10\/1760581520_28_39924088-grosseinsatz-in-muenchen-lerchenau-am-mittwoch-oktober-2xfe.jpg\" loading=\"lazy\"   height=\"1939\" width=\"2985\" alt=\"Brand in M&#xFC;nchen - Gro&#xDF;einsatz von Polizei und Feuerwehr\"\/><a href=\"https:\/\/www.rosenheim24.de\/bayern\/muenchen\/fotos-grosseinsatz-in-muenchen-lerchenau-am-mittwoch-01-oktober-93964077.html\" class=\"id-StoryElement-intestitialLink-link\" data-id-ec=\"{\" shn=\"\" ansehen=\"\" data-k5a-pos=\"west_story_17_photoGalleryLink\" title=\"Zur Fotostrecke: Gro&#xDF;einsatz in M&#xFC;nchen-Lerchenau am Mittwoch (1. Oktober)\" rel=\"nofollow noopener\" target=\"_blank\">Fotostrecke ansehen<\/a><\/p>\n<p class=\"id-StoryElement-paragraph\">Zus\u00e4tzlich zu den per Post versendeten Briefen entdeckten die Ermittler weitere Schreiben in Briefk\u00e4sten rund um den Tatort. Diese entsprechen inhaltlich dem bereits gefundenen Brief mit der <strong>Oktoberfest-Drohung<\/strong>. <strong>Am Montagmorgen (6. Oktober) f\u00fchrte eines der Drohschreiben zu einem weiteren Gro\u00dfeinsatz.<\/strong> Ein Brief war bei einer <strong>Arztpraxis in der Ludwigvorstadt<\/strong> eingegangen, woraufhin die Polizei umgehend Absperr- und R\u00e4umungsma\u00dfnahmen einleitete. Spezialkr\u00e4fte \u00fcberpr\u00fcften das verd\u00e4chtige Schreiben und stellten fest, dass keine Gefahr davon ausging.<\/p>\n<p class=\"id-StoryElement-paragraph\">Die Ermittler gehen davon aus, dass m\u00f6glicherweise weitere Schreiben verschickt wurden. Da die bisherigen Sendungen keinen Absender enthielten, haben die Beh\u00f6rden verschiedene Organisationen und Stellen f\u00fcr \u00e4hnliche verd\u00e4chtige Post sensibilisiert.<\/p>\n<p>Eskalierter Familienstreit als Hintergrund<\/p>\n<p class=\"id-StoryElement-paragraph\">Nach bisherigen Erkenntnissen lag dem Geschehen ein eskalierter Familienstreit zugrunde.<strong> Innenminister Joachim Herrmann hatte bereits mitgeteilt, dass der 57-J\u00e4hrige die Vaterschaft f\u00fcr seine Tochter angezweifelt und in diesem Zusammenhang sogar eine Petition an den bayerischen Landtag gestellt hatte. <\/strong>Diese wurde jedoch im vergangenen Jahr f\u00fcr erledigt erkl\u00e4rt. Ein politisches Motiv schlossen die Beh\u00f6rden aus. (fgr)<\/p>\n","protected":false},"excerpt":{"rendered":"rosenheim24-de Bayern M\u00fcnchen Stand: 15.10.2025, 17:11 Uhr Von: Felix Graf DruckenTeilen Auch ein Transporter brannte aus. \u00a9\u00a0Felix H\u00f6rhager\/dpa&hellip;\n","protected":false},"author":2,"featured_media":500913,"comment_status":"","ping_status":"","sticky":false,"template":"","format":"standard","meta":{"footnotes":""},"categories":[1827],"tags":[772,29,30,1268],"class_list":{"0":"post-502086","1":"post","2":"type-post","3":"status-publish","4":"format-standard","5":"has-post-thumbnail","7":"category-muenchen","8":"tag-bayern","9":"tag-deutschland","10":"tag-germany","11":"tag-muenchen"},"share_on_mastodon":{"url":"https:\/\/pubeurope.com\/@de\/115381477450453227","error":""},"_links":{"self":[{"href":"https:\/\/www.europesays.com\/de\/wp-json\/wp\/v2\/posts\/502086","targetHints":{"allow":["GET"]}}],"collection":[{"href":"https:\/\/www.europesays.com\/de\/wp-json\/wp\/v2\/posts"}],"about":[{"href":"https:\/\/www.europesays.com\/de\/wp-json\/wp\/v2\/types\/post"}],"author":[{"embeddable":true,"href":"https:\/\/www.europesays.com\/de\/wp-json\/wp\/v2\/users\/2"}],"replies":[{"embeddable":true,"href":"https:\/\/www.europesays.com\/de\/wp-json\/wp\/v2\/comments?post=502086"}],"version-history":[{"count":0,"href":"https:\/\/www.europesays.com\/de\/wp-json\/wp\/v2\/posts\/502086\/revisions"}],"wp:featuredmedia":[{"embeddable":true,"href":"https:\/\/www.europesays.com\/de\/wp-json\/wp\/v2\/media\/500913"}],"wp:attachment":[{"href":"https:\/\/www.europesays.com\/de\/wp-json\/wp\/v2\/media?parent=502086"}],"wp:term":[{"taxonomy":"category","embeddable":true,"href":"https:\/\/www.europesays.com\/de\/wp-json\/wp\/v2\/categories?post=502086"},{"taxonomy":"post_tag","embeddable":true,"href":"https:\/\/www.europesays.com\/de\/wp-json\/wp\/v2\/tags?post=502086"}],"curies":[{"name":"wp","href":"https:\/\/api.w.org\/{rel}","templated":true}]}}