{"id":502089,"date":"2025-10-16T02:27:17","date_gmt":"2025-10-16T02:27:17","guid":{"rendered":"https:\/\/www.europesays.com\/de\/502089\/"},"modified":"2025-10-16T02:27:17","modified_gmt":"2025-10-16T02:27:17","slug":"hamburg-zugverkehr-am-hamburger-hauptbahnhof-laeuft-wieder","status":"publish","type":"post","link":"https:\/\/www.europesays.com\/de\/502089\/","title":{"rendered":"Hamburg | Zugverkehr am Hamburger Hauptbahnhof l\u00e4uft wieder"},"content":{"rendered":"<p>Hamburg (dpa) &#8211; Die St\u00f6rung an einem Stellwerk des Hamburger Hauptbahnhofs ist behoben, die Z\u00fcge rollen wieder. \u00abZum Betriebsstart sind Zugfahrten von und nach Hamburg Hauptbahnhof wieder m\u00f6glich und der Zugverkehr l\u00e4uft zum Betriebsbeginn planm\u00e4\u00dfig an\u00bb, sagte eine Sprecherin der Deutschen Bahn am fr\u00fchen Morgen. Es k\u00f6nne aber sein, dass einige Fahrten ausfallen oder nur teilweise stattfinden, weil Fahrzeuge oder Personal fehlen.<\/p>\n<p>Wegen eines Kabelschadens war der Zugverkehr am Hamburger Hauptbahnhof am Mittwoch stark beeintr\u00e4chtigt worden. Der Schaden wurde nach Angaben der Deutschen Bahn wohl bei Bauarbeiten zwischen Hamburg-Hauptbahnhof und Hamburg-Altona verursacht. Laut der Bundespolizei gibt es keine Hinweise auf eine Straftat.<\/p>\n<p>Der Hamburger Hauptbahnhof ist einer der gr\u00f6\u00dften Bahnh\u00f6fe und Verkehrsknotenpunkte in Deutschland. Laut Bahn verkehren auf 14 Gleisen t\u00e4glich mehr als 800 Z\u00fcge des Fern- und Nahverkehrs und mehr als 1.200 S-Bahnen.<\/p>\n","protected":false},"excerpt":{"rendered":"Hamburg (dpa) &#8211; Die St\u00f6rung an einem Stellwerk des Hamburger Hauptbahnhofs ist behoben, die Z\u00fcge rollen wieder. \u00abZum&hellip;\n","protected":false},"author":2,"featured_media":502090,"comment_status":"","ping_status":"","sticky":false,"template":"","format":"standard","meta":{"footnotes":""},"categories":[1826],"tags":[1739,29,30,692,601],"class_list":{"0":"post-502089","1":"post","2":"type-post","3":"status-publish","4":"format-standard","5":"has-post-thumbnail","7":"category-hamburg","8":"tag-bahn","9":"tag-deutschland","10":"tag-germany","11":"tag-hamburg","12":"tag-verkehr"},"share_on_mastodon":{"url":"https:\/\/pubeurope.com\/@de\/115381485128433067","error":""},"_links":{"self":[{"href":"https:\/\/www.europesays.com\/de\/wp-json\/wp\/v2\/posts\/502089","targetHints":{"allow":["GET"]}}],"collection":[{"href":"https:\/\/www.europesays.com\/de\/wp-json\/wp\/v2\/posts"}],"about":[{"href":"https:\/\/www.europesays.com\/de\/wp-json\/wp\/v2\/types\/post"}],"author":[{"embeddable":true,"href":"https:\/\/www.europesays.com\/de\/wp-json\/wp\/v2\/users\/2"}],"replies":[{"embeddable":true,"href":"https:\/\/www.europesays.com\/de\/wp-json\/wp\/v2\/comments?post=502089"}],"version-history":[{"count":0,"href":"https:\/\/www.europesays.com\/de\/wp-json\/wp\/v2\/posts\/502089\/revisions"}],"wp:featuredmedia":[{"embeddable":true,"href":"https:\/\/www.europesays.com\/de\/wp-json\/wp\/v2\/media\/502090"}],"wp:attachment":[{"href":"https:\/\/www.europesays.com\/de\/wp-json\/wp\/v2\/media?parent=502089"}],"wp:term":[{"taxonomy":"category","embeddable":true,"href":"https:\/\/www.europesays.com\/de\/wp-json\/wp\/v2\/categories?post=502089"},{"taxonomy":"post_tag","embeddable":true,"href":"https:\/\/www.europesays.com\/de\/wp-json\/wp\/v2\/tags?post=502089"}],"curies":[{"name":"wp","href":"https:\/\/api.w.org\/{rel}","templated":true}]}}