{"id":502093,"date":"2025-10-16T02:29:16","date_gmt":"2025-10-16T02:29:16","guid":{"rendered":"https:\/\/www.europesays.com\/de\/502093\/"},"modified":"2025-10-16T02:29:16","modified_gmt":"2025-10-16T02:29:16","slug":"cem-ince-attackiert-polizist-festnahme-bei-demo-in-berlin-aktuelle-nachrichten-aus-deutschland-und-der-welt","status":"publish","type":"post","link":"https:\/\/www.europesays.com\/de\/502093\/","title":{"rendered":"Cem Ince attackiert Polizist &#8211; Festnahme bei Demo in Berlin | Aktuelle Nachrichten aus Deutschland und der Welt"},"content":{"rendered":"\n<p>Der Berliner Bundestagsabgeordnete Cem Ince (Linke) wurde bei einer Demonstration in Berlin-Wedding vor\u00fcbergehend festgenommen. Die Polizei wirft dem 31-J\u00e4hrigen vor, einen Beamten mehrfach gegen den Kopf geschlagen zu haben.<\/p>\n<p>Die Demonstration am Sonntag stand unter dem Motto \u00abGeld f\u00fcr den Kiez statt Waffen f\u00fcr den Krieg\u00bb. Ince nahm nach eigenen Angaben als \u00abparlamentarischer Beobachter\u00bb teil und trug eine entsprechende Warnweste. Laut Focus richtete sich die Demonstration gegen die Umstellung einer Rheinmetall-Fabrik in Wedding auf Waffenproduktion.<\/p>\n<p>Video dokumentiert Festnahme<\/p>\n<p>Ein Beweis- und Dokumentationstrupp der Polizei zeichnete den Vorfall auf. Auf dem Kurznachrichtendienst X kursiert zudem ein Video, das Inces Festnahme zeigt &#8211; der Ausl\u00f6ser der Auseinandersetzung ist darauf jedoch nicht zu sehen. Ince selbst verbreitet das Video auf Instagram.<\/p>\n<p>Polizeisprecher Florian Nath erkl\u00e4rte, die Festnahme sei \u00abaufgrund eines vorangegangenen t\u00e4tlichen Angriffs auf einen Polizeibeamten\u00bb erfolgt. Ince habe \u00abmehrfach in Richtung und gegen den Kopf des Beamten geschlagen\u00bb. Nach der Identit\u00e4tsfeststellung wurde der Abgeordnete wieder entlassen, gegen ihn l\u00e4uft nun ein Ermittlungsverfahren wegen des Verdachts der K\u00f6rperverletzung.<\/p>\n<p>Politiker weist Vorw\u00fcrfe zur\u00fcck<\/p>\n","protected":false},"excerpt":{"rendered":"Der Berliner Bundestagsabgeordnete Cem Ince (Linke) wurde bei einer Demonstration in Berlin-Wedding vor\u00fcbergehend festgenommen. Die Polizei wirft dem&hellip;\n","protected":false},"author":2,"featured_media":502094,"comment_status":"","ping_status":"","sticky":false,"template":"","format":"standard","meta":{"footnotes":""},"categories":[1825],"tags":[1941,1939,296,1937,29,30,1940,1938,38022],"class_list":{"0":"post-502093","1":"post","2":"type-post","3":"status-publish","4":"format-standard","5":"has-post-thumbnail","7":"category-berlin","8":"tag-aktuelle-nachrichten-aus-berlin","9":"tag-aktuelle-news-aus-berlin","10":"tag-berlin","11":"tag-berlin-news","12":"tag-deutschland","13":"tag-germany","14":"tag-nachrichten-aus-berlin","15":"tag-news-aus-berlin","16":"tag-politics"},"share_on_mastodon":{"url":"https:\/\/pubeurope.com\/@de\/115381492948524495","error":""},"_links":{"self":[{"href":"https:\/\/www.europesays.com\/de\/wp-json\/wp\/v2\/posts\/502093","targetHints":{"allow":["GET"]}}],"collection":[{"href":"https:\/\/www.europesays.com\/de\/wp-json\/wp\/v2\/posts"}],"about":[{"href":"https:\/\/www.europesays.com\/de\/wp-json\/wp\/v2\/types\/post"}],"author":[{"embeddable":true,"href":"https:\/\/www.europesays.com\/de\/wp-json\/wp\/v2\/users\/2"}],"replies":[{"embeddable":true,"href":"https:\/\/www.europesays.com\/de\/wp-json\/wp\/v2\/comments?post=502093"}],"version-history":[{"count":0,"href":"https:\/\/www.europesays.com\/de\/wp-json\/wp\/v2\/posts\/502093\/revisions"}],"wp:featuredmedia":[{"embeddable":true,"href":"https:\/\/www.europesays.com\/de\/wp-json\/wp\/v2\/media\/502094"}],"wp:attachment":[{"href":"https:\/\/www.europesays.com\/de\/wp-json\/wp\/v2\/media?parent=502093"}],"wp:term":[{"taxonomy":"category","embeddable":true,"href":"https:\/\/www.europesays.com\/de\/wp-json\/wp\/v2\/categories?post=502093"},{"taxonomy":"post_tag","embeddable":true,"href":"https:\/\/www.europesays.com\/de\/wp-json\/wp\/v2\/tags?post=502093"}],"curies":[{"name":"wp","href":"https:\/\/api.w.org\/{rel}","templated":true}]}}