{"id":502097,"date":"2025-10-16T02:31:15","date_gmt":"2025-10-16T02:31:15","guid":{"rendered":"https:\/\/www.europesays.com\/de\/502097\/"},"modified":"2025-10-16T02:31:15","modified_gmt":"2025-10-16T02:31:15","slug":"zwei-verletzte-nach-schuessen-in-berlin-kreuzberg","status":"publish","type":"post","link":"https:\/\/www.europesays.com\/de\/502097\/","title":{"rendered":"Zwei Verletzte nach Sch\u00fcssen in Berlin-Kreuzberg"},"content":{"rendered":"<p class=\"tspBHk0 tspBHk1\">Nach Sch\u00fcssen <a href=\"https:\/\/www.tagesspiegel.de\/berlin\/bezirke\/friedrichshain-kreuzberg\/\" target=\"_blank\" rel=\"noopener nofollow\" class=\"link link--external\" data-gtm-class=\"article-text-link\" data-gtm-val=\"external\" aria-describedby=\"message-target-blank\">in Berlin-Kreuzberg<\/a> sind zwei Menschen verletzt worden. Ersten Erkenntnissen zufolge kam es <strong>kurz nach 16 Uhr<\/strong> in der <strong>Adalbertstra\u00dfe <\/strong>zu einem Schusswechsel zwischen mehreren Personen, wie die Polizei mitteilte.<\/p>\n<p class=\"tspBHk0\">Einsatzkr\u00e4fte fanden wenig sp\u00e4ter in der nahegelegenen Naunynstra\u00dfe einen Mann mit einer Schussverletzung. Er wurde vor Ort erstversorgt und anschlie\u00dfend in ein Krankenhaus gebracht. Ein weiterer mutma\u00dflich Beteiligter hat sich laut Polizei selbstst\u00e4ndig mit Schussverletzungen an Bein und Oberk\u00f6rper in ein Krankenhaus begeben. Auch er werde dort behandelt.<\/p>\n<p class=\"tspUej\">Empfohlener redaktioneller Inhalt<\/p>\n<p> An dieser Stelle finden Sie einen von unseren Redakteuren ausgew\u00e4hlten, externen Inhalt, der den Artikel f\u00fcr Sie mit zus\u00e4tzlichen Informationen anreichert. Sie k\u00f6nnen sich hier den externen Inhalt mit einem Klick anzeigen lassen oder wieder ausblenden. <\/p>\n<p> Externen Inhalt anzeigen <\/p>\n<p class=\"tspUep\"> Ich bin damit einverstanden, dass mir der externe Inhalt angezeigt wird. Damit k\u00f6nnen personenbezogene Daten an Drittplattformen \u00fcbermittelt werden.  Mehr Informationen dazu erhalten Sie in den Datenschutz-Einstellungen. Diese finden Sie ganz unten auf unserer Seite im Footer, sodass Sie Ihre Einstellungen jederzeit verwalten oder widerrufen k\u00f6nnen. <\/p>\n<p class=\"tspBHk0\">Im Zusammenhang mit der Tat stellten Beamte in der <strong>Weichselstra\u00dfe <\/strong>Berlin-Neuk\u00f6lln nach eigenen Angaben <strong>ein Auto mit zwei Insassen fest<\/strong>, die <strong>Schusswaffen<\/strong> bei sich f\u00fchrten. Laut einer Polizeisprecherin wird ein Tatzusammenhang aktuell gepr\u00fcft. Der genaue Ablauf und die Hintergr\u00fcnde sind der Polizei zufolge noch unklar und Gegenstand laufender Ermittlungen.\u00a0<\/p>\n<p class=\"tspBHk0\">Der Bereich rund um den Tatort <strong>bis hin zum Kottbusser Tor <\/strong>wurde weitr\u00e4umig abgesperrt und von Polizisten abgesucht. Die Polizeisprecherin sch\u00e4tzte die Zahl der Einsatzkr\u00e4fte vor Ort auf im oberen zweistelligen oder unteren dreistelligen Bereich.<\/p>\n<p> Mehr zu Polizei &amp; Justiz: <a href=\"https:\/\/www.tagesspiegel.de\/berlin\/abgetrennte-finger-nicht-mit-eis-kuhlen-berliner-top-chirurgen-warnen-vor-silvester-pyrotechnik-14560715.html?icid=topic-list_14575811___\" data-gtm-class=\"article-mzt-link\" class=\"tspBRlv\" rel=\"nofollow noopener\" target=\"_blank\">\u201eAbgetrennte Finger nicht mit Eis k\u00fchlen\u201c Berliner Top-Chirurgen warnen vor Silvester-Pyrotechnik <\/a><a href=\"https:\/\/www.tagesspiegel.de\/berlin\/hinweise-auf-organisierten-leistungsbetrug-jobcenter-kontrollieren-beruchtigte-roma-unterkunft-in-berlin-schoneberg-14555624.html?icid=topic-list_14575811___\" data-gtm-class=\"article-mzt-link\" class=\"tspBRlv\" rel=\"nofollow noopener\" target=\"_blank\">Organisierter Leistungsbetrug vermutet Jobcenter kontrollieren ber\u00fcchtigte Roma-Unterkunft in Berlin-Sch\u00f6neberg \u2013 mit wenig Erfolg <\/a><a href=\"https:\/\/www.tagesspiegel.de\/meinung\/leserbriefe\/rucksichtnahme-wichtiger-als-jedes-verkehrskonzept-wer-berlin-mit-kopenhagen-vergleicht-vergleicht-apfel-mit-birnen-14514422.html?icid=topic-list_14575811___\" data-gtm-class=\"article-mzt-link\" class=\"tspBRlv\" rel=\"nofollow noopener\" target=\"_blank\">R\u00fccksichtnahme wichtiger als jedes Verkehrskonzept Wer Berlin mit Kopenhagen vergleicht, vergleicht \u00c4pfel mit Birnen  <\/a><\/p>\n<p class=\"tspBHk0\"><strong>Bereits am Vorabend fielen in Kreuzberg Sch\u00fcsse<\/strong>. Drei Geschwister im Alter von 20, 25 und 26 Jahren standen gegen 21.30 Uhr vor einem Mehrfamilienhaus in der Alexandrinenstra\u00dfe, <a href=\"https:\/\/www.tagesspiegel.de\/berlin\/polizei-sperrte-strassenabschnitt-fur-mehrere-stunden-personengruppe-wird-in-kreuzberg-opfer-eines-schusswaffenangriffs-14575025.html?icid=in-text-link_14575811\" class=\"link link--internal\" data-gtm-class=\"article-text-link\" data-gtm-val=\"internal\" rel=\"nofollow noopener\" target=\"_blank\">als mehrere Sch\u00fcsse aus unbekannter Richtung fielen<\/a>, wie die Polizei mitteilte. Verletzt wurde dabei niemand. Einen Zusammenhang zwischen den Vorf\u00e4llen stellte die Polizei zun\u00e4chst nicht her. (mit dpa)<\/p>\n","protected":false},"excerpt":{"rendered":"Nach Sch\u00fcssen in Berlin-Kreuzberg sind zwei Menschen verletzt worden. Ersten Erkenntnissen zufolge kam es kurz nach 16 Uhr&hellip;\n","protected":false},"author":2,"featured_media":502098,"comment_status":"","ping_status":"","sticky":false,"template":"","format":"standard","meta":{"footnotes":""},"categories":[1825],"tags":[296,29,527,30,17250,121,4908,218],"class_list":{"0":"post-502097","1":"post","2":"type-post","3":"status-publish","4":"format-standard","5":"has-post-thumbnail","7":"category-berlin","8":"tag-berlin","9":"tag-deutschland","10":"tag-friedrichshain-kreuzberg","11":"tag-germany","12":"tag-kottbusser-tor","13":"tag-polizei","14":"tag-polizeieinsatz","15":"tag-tatort"},"share_on_mastodon":{"url":"https:\/\/pubeurope.com\/@de\/115381500956258517","error":""},"_links":{"self":[{"href":"https:\/\/www.europesays.com\/de\/wp-json\/wp\/v2\/posts\/502097","targetHints":{"allow":["GET"]}}],"collection":[{"href":"https:\/\/www.europesays.com\/de\/wp-json\/wp\/v2\/posts"}],"about":[{"href":"https:\/\/www.europesays.com\/de\/wp-json\/wp\/v2\/types\/post"}],"author":[{"embeddable":true,"href":"https:\/\/www.europesays.com\/de\/wp-json\/wp\/v2\/users\/2"}],"replies":[{"embeddable":true,"href":"https:\/\/www.europesays.com\/de\/wp-json\/wp\/v2\/comments?post=502097"}],"version-history":[{"count":0,"href":"https:\/\/www.europesays.com\/de\/wp-json\/wp\/v2\/posts\/502097\/revisions"}],"wp:featuredmedia":[{"embeddable":true,"href":"https:\/\/www.europesays.com\/de\/wp-json\/wp\/v2\/media\/502098"}],"wp:attachment":[{"href":"https:\/\/www.europesays.com\/de\/wp-json\/wp\/v2\/media?parent=502097"}],"wp:term":[{"taxonomy":"category","embeddable":true,"href":"https:\/\/www.europesays.com\/de\/wp-json\/wp\/v2\/categories?post=502097"},{"taxonomy":"post_tag","embeddable":true,"href":"https:\/\/www.europesays.com\/de\/wp-json\/wp\/v2\/tags?post=502097"}],"curies":[{"name":"wp","href":"https:\/\/api.w.org\/{rel}","templated":true}]}}