{"id":502130,"date":"2025-10-16T02:49:22","date_gmt":"2025-10-16T02:49:22","guid":{"rendered":"https:\/\/www.europesays.com\/de\/502130\/"},"modified":"2025-10-16T02:49:22","modified_gmt":"2025-10-16T02:49:22","slug":"nach-attacke-gegen-fan-urteil-gegen-regionalliga-kicker-gefaellt-sport","status":"publish","type":"post","link":"https:\/\/www.europesays.com\/de\/502130\/","title":{"rendered":"Nach Attacke gegen Fan: Urteil gegen Regionalliga-Kicker gef\u00e4llt | Sport"},"content":{"rendered":"<p><b>Die Berufung der <\/b><a href=\"https:\/\/www.bild.de\/sport\/fussball\/weil-er-zur-wm-will-viertliga-spieler-fehlt-im-leipziger-pokal-derby-68e3907589973cba61e82f5c\" class=\"text-link\" target=\"_blank\" rel=\"noopener\"><b>BSG Chemie Leipzig<\/b><\/a><b> hatte Erfolg. Zumindest ein kleines bisschen.<\/b><\/p>\n<p>Vor dem NOFV-Verbandsgericht in Berlin wurde erneut der Fall Julian Weigel (24) verhandelt. Der Spieler der BSG Chemie war nach dem 0:0 beim Halleschen FC auf einen Fan losgegangen, der mit weiteren Chaoten des HFC auf den Platz gest\u00fcrmt war. Daf\u00fcr wurde er vom Sportgericht f\u00fcr f\u00fcnf Spiele gesperrt.<\/p>\n<p><img decoding=\"async\" width=\"992\" height=\"1178\" alt=\"Julian Weigel wurde in zweiter Instanz etwas milder bewertet\" src=\"https:\/\/www.europesays.com\/de\/wp-content\/uploads\/2025\/10\/00e7e10a0252de625963429fe0fb1214,b0e15072\"   class=\"portrait\" loading=\"lazy\"\/><\/p>\n<p class=\"fig__caption__text\">Die Attacke von Julian Weigel wurde in zweiter Instanz etwas milder bewertet<\/p>\n<p>Foto: Silvio Buerger<\/p>\n<p><a href=\"https:\/\/www.bild.de\/sport\/fussball\/chemie-leipzig-klub-spricht-nach-sperre-gegen-julian-weigel-von-skandal-urteil-68d3d8354a958e24fe6c07e0\" class=\"text-link\" target=\"_blank\" rel=\"noopener\">Der Regionalligist ging allerdings in Berufung.<\/a> Die brachte immerhin das Ergebnis, dass zwei der f\u00fcnf Spiele bis zum Saisonende zur Bew\u00e4hrung ausgesetzt wurden. <\/p>\n<p>\u201eAuf die Berufung des Spielers hat das Verbandsgericht als Berufungsinstanz die Ausgangsentscheidung des Sportgerichts nunmehr zwar im Ergebnis weitestgehend best\u00e4tigt, jedoch gleichzeitig die besonderen Umst\u00e4nde und den pers\u00f6nlichen Eindruck des Spielers vor dem Verbandsgericht ber\u00fccksichtigt, sodass die Voraussetzungen f\u00fcr die Aussetzung eines Teils der Strafe zur Bew\u00e4hrung angenommen werden konnten\u201c, hei\u00dft es in einer Mitteilung.<\/p>\n<p><b>Bedeutet: Weigel, der deshalb schon ein Spiel aussetzte, muss nun noch zwei Spiele zuschauen, fehlt also auch am Sonntag im Derby bei Lok Leipzig. <\/b><\/p>\n<p>Mehr zum Thema<\/p>\n<p>In der Begr\u00fcndung des Gerichtes hei\u00dft es: \u201eDas Verbandsgericht war nach der Beweisaufnahme davon \u00fcberzeugt, dass der Spieler der Gastmannschaft nach einem langen Anlauf und mit hoher Geschwindigkeit den Anh\u00e4nger des Halleschen FC t\u00e4tlich anging und diesen dabei zu Boden brachte. Aus Sicht des Verbandsgerichts gab es jedenfalls f\u00fcr die besondere Intensit\u00e4t des Verhaltens des Chemie-Spielers keinen rechtfertigenden Grund, da auch mildere Ma\u00dfnahmen zum Schutz seines Mitspielers ausgereicht h\u00e4tten.\u201c <\/p>\n<p>Spiel eskaliert: Brutale Massen-Schl\u00e4gerei beim Handball<a class=\"anchor video-teaser__anchor\" href=\"https:\/\/www.bild.de\/sport\/mehr-sport\/spiel-eskaliert-brutale-massen-schlaegerei-beim-handball-68ef7ca5dbad4b72062ae240\" target=\"_blank\" rel=\"noopener\"><img decoding=\"async\" width=\"992\" height=\"558\" alt=\"Teaser-Bild\" src=\"https:\/\/www.europesays.com\/de\/wp-content\/uploads\/2025\/10\/1760572873_595_4f9d5d77c072ccfdd989297156875a74-landscape,e402d3ad\"   class=\"landscape teaser__image\" loading=\"lazy\"\/><\/a><\/p>\n<p>Quelle: Instagram\/PallamanoAretusa15.10.2025<\/p>\n<p><b>Und weiter: \u201eDas Verbandsgericht wertete jedoch zugunsten des nicht vorbestraften Spielers das Fehlverhalten der Anh\u00e4nger des Halleschen FC sowie die psychische \u00dcberforderung in einer extremen Ausnahmesituation.\u201c<\/b><\/p>\n<p><b>Die sportgerichtlichen Verfahren beim NOFV-Sportgericht hinsichtlich der Vorw\u00fcrfe des Fehlverhaltens der Anh\u00e4nger des Heimvereins und des Gastvereins sind dagegen noch nicht abgeschlossen.<\/b><\/p>\n","protected":false},"excerpt":{"rendered":"Die Berufung der BSG Chemie Leipzig hatte Erfolg. Zumindest ein kleines bisschen. Vor dem NOFV-Verbandsgericht in Berlin wurde&hellip;\n","protected":false},"author":2,"featured_media":502131,"comment_status":"","ping_status":"","sticky":false,"template":"","format":"standard","meta":{"footnotes":""},"categories":[1860],"tags":[1263,8034,3364,29,548,663,3934,347,30,4062,17332,12435,13,14,15,3459,3458,17331,860,12,4580,3460,45,1261],"class_list":{"0":"post-502130","1":"post","2":"type-post","3":"status-publish","4":"format-standard","5":"has-post-thumbnail","7":"category-halle-saale","8":"tag-aufmacher-bereich","9":"tag-bsg-chemie-leipzig","10":"tag-de","11":"tag-deutschland","12":"tag-eu","13":"tag-europa","14":"tag-europe","15":"tag-fussball","16":"tag-germany","17":"tag-halle","18":"tag-halle-saale","19":"tag-hallescher-fc","20":"tag-headlines","21":"tag-nachrichten","22":"tag-news","23":"tag-regionalliga","24":"tag-regionalliga-nordost","25":"tag-saale","26":"tag-sachsen-anhalt","27":"tag-schlagzeilen","28":"tag-schmidt-andre","29":"tag-sport-leuchtturm-leipzig","30":"tag-texttospeech","31":"tag-toralarm-top-news"},"share_on_mastodon":{"url":"https:\/\/pubeurope.com\/@de\/115381572875486412","error":""},"_links":{"self":[{"href":"https:\/\/www.europesays.com\/de\/wp-json\/wp\/v2\/posts\/502130","targetHints":{"allow":["GET"]}}],"collection":[{"href":"https:\/\/www.europesays.com\/de\/wp-json\/wp\/v2\/posts"}],"about":[{"href":"https:\/\/www.europesays.com\/de\/wp-json\/wp\/v2\/types\/post"}],"author":[{"embeddable":true,"href":"https:\/\/www.europesays.com\/de\/wp-json\/wp\/v2\/users\/2"}],"replies":[{"embeddable":true,"href":"https:\/\/www.europesays.com\/de\/wp-json\/wp\/v2\/comments?post=502130"}],"version-history":[{"count":0,"href":"https:\/\/www.europesays.com\/de\/wp-json\/wp\/v2\/posts\/502130\/revisions"}],"wp:featuredmedia":[{"embeddable":true,"href":"https:\/\/www.europesays.com\/de\/wp-json\/wp\/v2\/media\/502131"}],"wp:attachment":[{"href":"https:\/\/www.europesays.com\/de\/wp-json\/wp\/v2\/media?parent=502130"}],"wp:term":[{"taxonomy":"category","embeddable":true,"href":"https:\/\/www.europesays.com\/de\/wp-json\/wp\/v2\/categories?post=502130"},{"taxonomy":"post_tag","embeddable":true,"href":"https:\/\/www.europesays.com\/de\/wp-json\/wp\/v2\/tags?post=502130"}],"curies":[{"name":"wp","href":"https:\/\/api.w.org\/{rel}","templated":true}]}}