{"id":502137,"date":"2025-10-16T02:53:10","date_gmt":"2025-10-16T02:53:10","guid":{"rendered":"https:\/\/www.europesays.com\/de\/502137\/"},"modified":"2025-10-16T02:53:10","modified_gmt":"2025-10-16T02:53:10","slug":"rayan-philippe-taucht-ploetzlich-wieder-in-braunschweig-auf-2","status":"publish","type":"post","link":"https:\/\/www.europesays.com\/de\/502137\/","title":{"rendered":"Rayan Philippe taucht pl\u00f6tzlich wieder in Braunschweig auf"},"content":{"rendered":"<p>Ein Besuch, der Erinnerungen weckt! Rayan Philippe, ehemaliger St\u00fcrmer von Eintracht Braunschweig, wurde am Wochenende in der L\u00f6wenstadt gesichtet. Der 24-J\u00e4hrige, der inzwischen beim Hamburger SV seine Schuhe schn\u00fcrt, zog dabei neugierige Blicke auf sich. Doch wer auf ein Comeback des Torj\u00e4gers hofft, wird entt\u00e4uscht. Sein Besuch hatte rein private Hintergr\u00fcnde.<\/p>\n<p>Zusammen mit Freunden und Familie machte Philippe Halt in der L\u00f6wenstadt. Ziel war das beliebte italienische Restaurant \u201eEnoteca Al Trullo\u201c in der Innenstadt. Das Lokal, in dem BTSV-Profis gerne einkehren, bot nun auch dem ehemaligen Eintracht-Star eine gem\u00fctliche Atmosph\u00e4re, berichtet <a href=\"https:\/\/www.t-online.de\/region\/braunschweig\/id_100953442\/braunschweig-hsv-stuermer-rayan-philippe-besucht-restaurant-al-trullo.html\" target=\"_blank\" rel=\"noreferrer noopener nofollow\">\u201et-online\u201c<\/a>. Die Betreiber des Restaurants waren hin und weg von dem prominenten Gast.<\/p>\n<p> \u201eAls G\u00e4ste gekommen \u2013 als Freunde geblieben\u201c <\/p>\n<p>Auf Instagram schw\u00e4rmten sie: \u201eWas f\u00fcr eine Freude und Ehre. Als G\u00e4ste gekommen \u2013 als Freunde geblieben.\u201c Besonders betonten sie die emotionale Verbindung, die \u00fcber gutes Essen und Wein hinausgehe. In Braunschweig scheint Philippe also nicht nur auf dem Fu\u00dfballplatz Spuren hinterlassen zu haben.<\/p>\n<p><a href=\"https:\/\/www.news38.de\/sport\/eintracht-braunschweig\/article300623437\/eintracht-braunschweig-magdeburg-markus-fiedler.html\" rel=\"nofollow noopener\" target=\"_blank\">+++ BTSV sorgt f\u00fcr Trainer-Rauswurf in Liga Zwei +++<\/a><\/p>\n<p>Im Sommer 2023 war der Angreifer vom FC Swift Hesperingen nach Braunschweig gewechselt. Nach einer holprigen Startphase spielte er sich schnell in die Herzen der Fans. Der Franzose entwickelte sich zum Schl\u00fcsselspieler im BTSV-Angriff und wurde mit wichtigen Toren zum Fanliebling. Seine Leistungen zogen jedoch auch die Aufmerksamkeit anderer Vereine auf sich.<\/p>\n<p>   Display content from Instagram   <\/p>\n<p class=\"fd-embed-privacy-content-line1\">An dieser Stelle befindet sich ein externer Inhalt von Instagram der von unserer Redaktion empfohlen wird. Er erg\u00e4nzt den Artikel und kann mit einem Klick angezeigt und wieder ausgeblendet werden.<\/p>\n<p class=\"fd-embed-privacy-content-line2\">Ich bin damit einverstanden, dass mir dieser externe Inhalt angezeigt wird. Es k\u00f6nnen dabei personenbezogene Daten an den Anbieter des Inhalts und Drittdienste \u00fcbermittelt werden.<\/p>\n<p>     Von Braunschweig nach Hamburg <\/p>\n<p>Im Sommer lockte schlie\u00dflich der Hamburger SV. Philippe wechselte zum Bundesliga-Aufsteiger und entschied sich schweren Herzens, Braunschweig den R\u00fccken zu kehren. Doch der Abschied scheint ihm nicht leichtgefallen zu sein \u2013 das zeigen auch Besuche wie der aktuelle. Die <a href=\"https:\/\/www.news38.de\/sport\/eintracht-braunschweig\/article300621475\/eintracht-braunschweig-rayan-philippe-hsv-mainz-hoffnungen.html\" rel=\"nofollow noopener\" target=\"_blank\">Verbindung zur L\u00f6wenstadt<\/a> hat er augenscheinlich nicht verloren.<\/p>\n<p>Aktuelle News:<\/p>\n<p>Aktuell l\u00e4uft es f\u00fcr den St\u00fcrmer auch beim HSV rund. In den ersten sieben Pflichtspielen konnte Philippe bereits drei Tore erzielen. Highlight: Ein Doppelpack beim grandiosen 4:0-Erfolg gegen Mainz 05. Trotz dieser <a href=\"https:\/\/www.news38.de\/sport\/eintracht-braunschweig\/article300623355\/eintracht-braunschweig-btsv-testspiel-magdeburg-raebiger-sorgen.html\" rel=\"nofollow noopener\" target=\"_blank\">Erfolgsmeldungen<\/a> scheint Braunschweig f\u00fcr ihn weiterhin ein besonderer Ort zu bleiben \u2013 nicht nur sportlich, sondern auch emotional.<\/p>\n<p>Dieser Artikel wurde teils mit maschineller Unterst\u00fctzung erstellt und vor der Ver\u00f6ffentlichung von der Redaktion sorgf\u00e4ltig gepr\u00fcft.<\/p>\n","protected":false},"excerpt":{"rendered":"Ein Besuch, der Erinnerungen weckt! Rayan Philippe, ehemaliger St\u00fcrmer von Eintracht Braunschweig, wurde am Wochenende in der L\u00f6wenstadt&hellip;\n","protected":false},"author":2,"featured_media":499790,"comment_status":"","ping_status":"","sticky":false,"template":"","format":"standard","meta":{"footnotes":""},"categories":[1850],"tags":[6429,3364,29,548,663,3934,30,13,14,15,1411,12],"class_list":{"0":"post-502137","1":"post","2":"type-post","3":"status-publish","4":"format-standard","5":"has-post-thumbnail","7":"category-braunschweig","8":"tag-braunschweig","9":"tag-de","10":"tag-deutschland","11":"tag-eu","12":"tag-europa","13":"tag-europe","14":"tag-germany","15":"tag-headlines","16":"tag-nachrichten","17":"tag-news","18":"tag-niedersachsen","19":"tag-schlagzeilen"},"share_on_mastodon":{"url":"https:\/\/pubeurope.com\/@de\/115381587482855105","error":""},"_links":{"self":[{"href":"https:\/\/www.europesays.com\/de\/wp-json\/wp\/v2\/posts\/502137","targetHints":{"allow":["GET"]}}],"collection":[{"href":"https:\/\/www.europesays.com\/de\/wp-json\/wp\/v2\/posts"}],"about":[{"href":"https:\/\/www.europesays.com\/de\/wp-json\/wp\/v2\/types\/post"}],"author":[{"embeddable":true,"href":"https:\/\/www.europesays.com\/de\/wp-json\/wp\/v2\/users\/2"}],"replies":[{"embeddable":true,"href":"https:\/\/www.europesays.com\/de\/wp-json\/wp\/v2\/comments?post=502137"}],"version-history":[{"count":0,"href":"https:\/\/www.europesays.com\/de\/wp-json\/wp\/v2\/posts\/502137\/revisions"}],"wp:featuredmedia":[{"embeddable":true,"href":"https:\/\/www.europesays.com\/de\/wp-json\/wp\/v2\/media\/499790"}],"wp:attachment":[{"href":"https:\/\/www.europesays.com\/de\/wp-json\/wp\/v2\/media?parent=502137"}],"wp:term":[{"taxonomy":"category","embeddable":true,"href":"https:\/\/www.europesays.com\/de\/wp-json\/wp\/v2\/categories?post=502137"},{"taxonomy":"post_tag","embeddable":true,"href":"https:\/\/www.europesays.com\/de\/wp-json\/wp\/v2\/tags?post=502137"}],"curies":[{"name":"wp","href":"https:\/\/api.w.org\/{rel}","templated":true}]}}