{"id":502138,"date":"2025-10-16T02:54:16","date_gmt":"2025-10-16T02:54:16","guid":{"rendered":"https:\/\/www.europesays.com\/de\/502138\/"},"modified":"2025-10-16T02:54:16","modified_gmt":"2025-10-16T02:54:16","slug":"reyna-honorat-feiern-comeback-gladbach-hofft-auf-den-turnaround","status":"publish","type":"post","link":"https:\/\/www.europesays.com\/de\/502138\/","title":{"rendered":"Reyna &#038; Honorat feiern Comeback: Gladbach hofft auf den Turnaround!"},"content":{"rendered":"<p>Mit Gio Reyna und Franck Honorat kehren gegen Union Berlin zwei wichtige Spieler in den Kader von <a href=\"https:\/\/onefootball.com\/de\/team\/borussia-moenchengladbach-154\" rel=\"nofollow noopener\" target=\"_blank\">Borussia M\u00f6nchengladbach<\/a> zur\u00fcck. Besonders der Franzose k\u00f6nnte gegen Union direkt in die Startelf r\u00fccken. Bei Gio Reyna wird es wohl zun\u00e4chst nur f\u00fcr einen Platz auf der Bank reichen. Beim US-Amerikaner m\u00f6chte man aufgrund seiner Verletzungshistorie kein verfr\u00fchtes Risiko eingehen, erkl\u00e4rte Polanski auf der Pressekonferenz vor dem Ausw\u00e4rtsspiel am Freitagabend.<\/p>\n<p>Somit fehlen am Freitagabend nur die Langzeitverletzten Kleindienst, Ngoumou und Hack. Auch die jungen Talente Urbich, Herrmann und Mohya d\u00fcrfen sich berechtigte Hoffnungen auf einen Kaderplatz machen. Polanski betonte auf der PK, dass es nach Leistung gehe und alle drei Spieler im Training \u00fcberzeugt h\u00e4tten.<\/p>\n<p>Gegen Union Berlin wird es zudem das erste Spiel unter dem neuen Sportchef Rouven Schr\u00f6der sein, mit dem Polanski bereits in den vergangenen Jahren einen guten Kontakt pflegte. Das d\u00fcrfte auch ein Grund gewesen sein, warum Schr\u00f6der der Bedingung des Gladbacher Vorstands zustimmte, dass zun\u00e4chst Polanski Cheftrainer bleiben solle.<\/p>\n<p>Am Freitag geht es f\u00fcr Borussia darum, den ersten Saisonsieg einzufahren, um den Abstand auf das \u201erettende Ufer\u201c nicht weiter anwachsen zu lassen. Gerade mit Blick auf die kommenden Wochen (Bayern, St. Pauli, K\u00f6ln) w\u00e4re ein Erfolgserlebnis Balsam f\u00fcr die Seele aller Gladbacher. Leicht wird es gegen die Mannschaft von Steffen Baumgart allerdings nicht.<\/p>\n<p><strong>Glaubt ihr, Gladbach kann den ersten Saisonsieg einfahren?<\/strong>Schreibt es in die Kommentare!<\/p>\n<p>\ud83d\udc49 Weitere News \u00fcber Borussia M\u00f6nchenglabdach findet ihr auf\u00a0B<a href=\"https:\/\/bmg-news.de\/\" target=\"_blank\" rel=\"noreferrer nofollow noopener\">MG-News<\/a><\/p>\n","protected":false},"excerpt":{"rendered":"Mit Gio Reyna und Franck Honorat kehren gegen Union Berlin zwei wichtige Spieler in den Kader von Borussia&hellip;\n","protected":false},"author":2,"featured_media":502139,"comment_status":"","ping_status":"","sticky":false,"template":"","format":"standard","meta":{"footnotes":""},"categories":[1849],"tags":[3364,29,548,663,3934,30,13,4455,14,15,1209,12],"class_list":{"0":"post-502138","1":"post","2":"type-post","3":"status-publish","4":"format-standard","5":"has-post-thumbnail","7":"category-moenchengladbach","8":"tag-de","9":"tag-deutschland","10":"tag-eu","11":"tag-europa","12":"tag-europe","13":"tag-germany","14":"tag-headlines","15":"tag-moenchengladbach","16":"tag-nachrichten","17":"tag-news","18":"tag-nordrhein-westfalen","19":"tag-schlagzeilen"},"share_on_mastodon":{"url":"https:\/\/pubeurope.com\/@de\/115381591393984099","error":""},"_links":{"self":[{"href":"https:\/\/www.europesays.com\/de\/wp-json\/wp\/v2\/posts\/502138","targetHints":{"allow":["GET"]}}],"collection":[{"href":"https:\/\/www.europesays.com\/de\/wp-json\/wp\/v2\/posts"}],"about":[{"href":"https:\/\/www.europesays.com\/de\/wp-json\/wp\/v2\/types\/post"}],"author":[{"embeddable":true,"href":"https:\/\/www.europesays.com\/de\/wp-json\/wp\/v2\/users\/2"}],"replies":[{"embeddable":true,"href":"https:\/\/www.europesays.com\/de\/wp-json\/wp\/v2\/comments?post=502138"}],"version-history":[{"count":0,"href":"https:\/\/www.europesays.com\/de\/wp-json\/wp\/v2\/posts\/502138\/revisions"}],"wp:featuredmedia":[{"embeddable":true,"href":"https:\/\/www.europesays.com\/de\/wp-json\/wp\/v2\/media\/502139"}],"wp:attachment":[{"href":"https:\/\/www.europesays.com\/de\/wp-json\/wp\/v2\/media?parent=502138"}],"wp:term":[{"taxonomy":"category","embeddable":true,"href":"https:\/\/www.europesays.com\/de\/wp-json\/wp\/v2\/categories?post=502138"},{"taxonomy":"post_tag","embeddable":true,"href":"https:\/\/www.europesays.com\/de\/wp-json\/wp\/v2\/tags?post=502138"}],"curies":[{"name":"wp","href":"https:\/\/api.w.org\/{rel}","templated":true}]}}