{"id":502141,"date":"2025-10-16T02:56:17","date_gmt":"2025-10-16T02:56:17","guid":{"rendered":"https:\/\/www.europesays.com\/de\/502141\/"},"modified":"2025-10-16T02:56:17","modified_gmt":"2025-10-16T02:56:17","slug":"trainer-keutmann-ruft-fuehrungsspieler-zur-verantwortung","status":"publish","type":"post","link":"https:\/\/www.europesays.com\/de\/502141\/","title":{"rendered":"Trainer Keutmann ruft F\u00fchrungsspieler zur Verantwortung"},"content":{"rendered":"<p class=\"paragraph --regular --color\" data-v-a4a747d8=\"\" data-v-0c32301e=\"\">In Hektik verf\u00e4llt der erfahrene Coach l\u00e4ngst nicht mehr. Er versteht es, junge Spieler mit erfahrenen Kr\u00e4ften zu einem funktionierenden Ensemble zu formen. Mit elf Neuzug\u00e4ngen \u2013 bis auf Seny Diop alle unter 23 Jahre \u2013 erhielt der Kader ein neues Gesicht. \u201eDer Findungsprozess ist noch nicht ganz abgeschlossen. Und dann passieren zu viele Fehler, das muss alles noch greifen. Die \u2018Alten\u2019 sind gefordert, dort Hand anzulegen\u201c, betont Keutmann und meint Spieler wie Marcel Krabler, Paul G\u00f6tz, Lucas Keutmann, Marlon Ermer, Sebastian Bauschke \u2013 der wegen seines Fachstudiums k\u00fcrzer tritt \u2013 oder Gerit Wintermeyer, die schon l\u00e4nger unter ihm spielen.<\/p>\n","protected":false},"excerpt":{"rendered":"In Hektik verf\u00e4llt der erfahrene Coach l\u00e4ngst nicht mehr. Er versteht es, junge Spieler mit erfahrenen Kr\u00e4ften zu&hellip;\n","protected":false},"author":2,"featured_media":502142,"comment_status":"","ping_status":"","sticky":false,"template":"","format":"standard","meta":{"footnotes":""},"categories":[1847],"tags":[16797,16796,16787,16795,16785,3364,29,16786,16784,16783,16791,427,548,663,3934,347,30,16794,16788,13,16790,2052,80,5882,2249,14,15,16789,16793,5661,12,265,16798,7195,16792,4544],"class_list":{"0":"post-502141","1":"post","2":"type-post","3":"status-publish","4":"format-standard","5":"has-post-thumbnail","7":"category-wiesbaden","8":"tag-beerfelden","9":"tag-bensheim","10":"tag-bergstrasse","11":"tag-bickenbach","12":"tag-darmstadt","13":"tag-de","14":"tag-deutschland","15":"tag-dieburg","16":"tag-echo-online","17":"tag-echo-zeitungen","18":"tag-erbach","19":"tag-esa","20":"tag-eu","21":"tag-europa","22":"tag-europe","23":"tag-fussball","24":"tag-germany","25":"tag-gross-bieberau","26":"tag-gross-gerau","27":"tag-headlines","28":"tag-heppenheim","29":"tag-hessen","30":"tag-kultur","31":"tag-lokalsport","32":"tag-meldungen","33":"tag-nachrichten","34":"tag-news","35":"tag-odenwald","36":"tag-pfungstadt","37":"tag-ruesselsheim","38":"tag-schlagzeilen","39":"tag-sport","40":"tag-sv-98","41":"tag-vereine","42":"tag-weiterstadt","43":"tag-wiesbaden"},"share_on_mastodon":{"url":"https:\/\/pubeurope.com\/@de\/115381599283544882","error":""},"_links":{"self":[{"href":"https:\/\/www.europesays.com\/de\/wp-json\/wp\/v2\/posts\/502141","targetHints":{"allow":["GET"]}}],"collection":[{"href":"https:\/\/www.europesays.com\/de\/wp-json\/wp\/v2\/posts"}],"about":[{"href":"https:\/\/www.europesays.com\/de\/wp-json\/wp\/v2\/types\/post"}],"author":[{"embeddable":true,"href":"https:\/\/www.europesays.com\/de\/wp-json\/wp\/v2\/users\/2"}],"replies":[{"embeddable":true,"href":"https:\/\/www.europesays.com\/de\/wp-json\/wp\/v2\/comments?post=502141"}],"version-history":[{"count":0,"href":"https:\/\/www.europesays.com\/de\/wp-json\/wp\/v2\/posts\/502141\/revisions"}],"wp:featuredmedia":[{"embeddable":true,"href":"https:\/\/www.europesays.com\/de\/wp-json\/wp\/v2\/media\/502142"}],"wp:attachment":[{"href":"https:\/\/www.europesays.com\/de\/wp-json\/wp\/v2\/media?parent=502141"}],"wp:term":[{"taxonomy":"category","embeddable":true,"href":"https:\/\/www.europesays.com\/de\/wp-json\/wp\/v2\/categories?post=502141"},{"taxonomy":"post_tag","embeddable":true,"href":"https:\/\/www.europesays.com\/de\/wp-json\/wp\/v2\/tags?post=502141"}],"curies":[{"name":"wp","href":"https:\/\/api.w.org\/{rel}","templated":true}]}}