{"id":502216,"date":"2025-10-16T03:36:30","date_gmt":"2025-10-16T03:36:30","guid":{"rendered":"https:\/\/www.europesays.com\/de\/502216\/"},"modified":"2025-10-16T03:36:30","modified_gmt":"2025-10-16T03:36:30","slug":"fahrradparkhaus-kommt-lvb-locken-mit-bonuspunkten-tipps-fuer-herbstlaub","status":"publish","type":"post","link":"https:\/\/www.europesays.com\/de\/502216\/","title":{"rendered":"Fahrradparkhaus kommt + LVB locken mit Bonuspunkten + Tipps f\u00fcr Herbstlaub"},"content":{"rendered":"<p>5in5 Leipzig<\/p>\n<p>Fahrradparkhaus kommt + LVB locken mit Bonuspunkten + Tipps f\u00fcr Herbstlaub<\/p>\n<p>Guten Morgen!<\/p>\n<p class=\"Textstyled__Text-sc-1cqv9mi-0 cLyiiX\">Wer in Leipzig mit dem Fahrrad unterwegs ist, sucht regelm\u00e4\u00dfig nach einem sicheren Abstellplatz \u2013 ein Problem, das nicht nur aufs Auto zutrifft. Um \u00f6ffentlichen und privaten Verkehr besser zu verkn\u00fcpfen, ist am Hauptbahnhof eine Fahrradgarage geplant. Doch immer wieder ist der Plan ins Stocken geraten. Wie es damit weitergeht, erfahren Sie heute.<\/p>\n<p>Weiterlesen nach der Anzeige<\/p>\n<p>Weiterlesen nach der Anzeige<\/p>\n<p class=\"Textstyled__Text-sc-1cqv9mi-0 cLyiiX\">Damit sind Sie bestens informiert f\u00fcr Ihren Donnerstag in Leipzig.<\/p>\n<p><img loading=\"lazy\" decoding=\"async\" width=\"35\" height=\"35\" src=\"https:\/\/www.europesays.com\/de\/wp-content\/uploads\/2025\/10\/1-cobalt.png\" alt=\"icon\"\/>Hauptbahnhof bekommt ein Fahrradparkhaus<\/p>\n<p>Das ist passiert: F\u00fcr mehr als zwei Millionen Euro bekommt der Leipziger Hauptbahnhof ein Fahrradparkhaus. Entstehen sollen darin 600 gesicherte Abstellpl\u00e4tze. <\/p>\n<p>Darum ist es wichtig: Mehr Menschen radeln zum Zug. Doch wer sein Fahrrad am Hauptbahnhof abstellen will, verzweifelt h\u00e4ufig. Die vorhandenen und ungesicherten Stellpl\u00e4tze reichen nicht mehr aus, sind Erhebungen zufolge zu 260 Prozent ausgelastet.<\/p>\n<p>So geht es weiter: Derzeit l\u00e4uft die Genehmigungsplanung. Zwei Drittel der Baukosten \u00fcbernimmt der Bund, den Rest die Stadt. Es gibt erste Vorstellungen, wann die Garage in Betrieb gehen und wie viel das Fahrradparken dort kosten soll.<\/p>\n<p>Weiterlesen nach der Anzeige<\/p>\n<p>Weiterlesen nach der Anzeige<\/p>\n<p><img loading=\"lazy\" decoding=\"async\" width=\"35\" height=\"35\" src=\"https:\/\/www.europesays.com\/de\/wp-content\/uploads\/2025\/10\/2-cobalt.png\" alt=\"icon\"\/>LVB starten Punkteprogramm mit Partnern<\/p>\n<p>Das ist passiert: Nutzer der \u201eLeipzig Move\u201c-App k\u00f6nnen ab sofort bei Nutzung des Angebots Bonuspunkte sammeln: \u00dcber Fahrten mit Bus und Bahn, Bike- und Scooter-Sharing sowie Taxis gesammelte Punkte k\u00f6nnen im Anschluss bei verschiedenen Partnern in der City eingel\u00f6st werden.<\/p>\n<p>Darum ist es wichtig: Mit dem Angebot wollen die LVB die Kundenbindung, lokale Wirtschaft und Umweltverbund gleicherma\u00dfen st\u00e4rken. Mit den H\u00f6fen am Br\u00fchl, Galeria, der Lukas B\u00e4ckerei und weiteren Partnern sollen App-Nutzer gelockt werden.<\/p>\n<p>So geht es weiter: Zum Start d\u00fcrften bei vielen Partnern vor allem im anstehenden Weihnachtsgesch\u00e4ft Rabatte und Aktionen locken. Perspektivisch sollen das Angebot ausgeweitet und die einzelnen Stadtteile st\u00e4rker einbezogen werden.<\/p>\n<p><img loading=\"lazy\" decoding=\"async\" width=\"35\" height=\"35\" src=\"https:\/\/www.europesays.com\/de\/wp-content\/uploads\/2025\/10\/3-cobalt.png\" alt=\"icon\"\/>Tipps f\u00fcr Herbstlaub in Leipzig<\/p>\n<p>Das ist passiert: Wenn in der dritten Jahreszeit die Bl\u00e4tter von den B\u00e4umen fallen, gelten f\u00fcr Grundst\u00fccksbesitzer in Leipzig Pflichten. Sie erinnern an den Winter.<\/p>\n<p>Darum ist es wichtig: Auch beim Herbstlaub gilt eine R\u00e4um- und Entsorgungspflicht \u2013 aus Sicherheitsgr\u00fcnden. Dabei sind einige Feinheiten zu beachten.<\/p>\n<p>Das Besondere: Die Stadtreinigung Leipzig hilft den Grundst\u00fcckseigner bei der Beseitigung der nat\u00fcrlichen Abf\u00e4lle. <\/p>\n<p><img loading=\"lazy\" decoding=\"async\" width=\"35\" height=\"35\" src=\"https:\/\/www.europesays.com\/de\/wp-content\/uploads\/2025\/10\/4-cobalt.png\" alt=\"icon\"\/>CDU will Fl\u00fcchtlingsrat st\u00e4dtische F\u00f6rderung entziehen<\/p>\n<p>Das ist passiert: Die Stadt Leipzig finanziert seit dem vergangenen Jahr mit bislang mehr als 60.000 Euro das Projekt \u201ePerspektive Bleiberecht Leipzig\u201c des s\u00e4chsischen Fl\u00fcchtlingsrates. Die CDU findet das nicht gut.<\/p>\n<p>Hintergrund: Das Angebot richtet sich an langj\u00e4hrig geduldete Migranten, deren Asylantrag abgelehnt wurde, die aus unterschiedlichen Gr\u00fcnden aber nicht in ihre Heimatl\u00e4nder abgeschoben werden. Ihnen hilft der Fl\u00fcchtlingsrat dabei, doch zu einem gesicherten Aufenthaltsstatus zu kommen.<\/p>\n<p>So geht es weiter: Die CDU-Ratsfraktion will diese Praxis beenden, da sie im Widerspruch zur aktuellen Migrationspolitik der Bundesregierung stehe. Jetzt muss die Ratsversammlung entscheiden.<\/p>\n<p><img loading=\"lazy\" decoding=\"async\" width=\"35\" height=\"35\" src=\"https:\/\/www.europesays.com\/de\/wp-content\/uploads\/2025\/10\/5-cobalt.png\" alt=\"icon\"\/>Wo gibt es den besten Pfannkuchen?<\/p>\n<p>Das ist passiert: Wir haben Sie gefragt, wo es in Leipzig die besten Pfannkuchen gibt. Jetzt k\u00f6nnen Sie aus den zehn meistgenannten Vorschl\u00e4gen abstimmen, um \u201eLeipzigs besten Pfannkuchen\u201c zu bestimmen.<\/p>\n<p>Hintergrund: Insgesamt haben uns 444 Vorschl\u00e4ge von Lesern und Leserinnen erreicht. Die angepriesenen B\u00e4ckereien wurden besonders f\u00fcr ihre fluffigen und saftigen Pfannkuchen gelobt.<\/p>\n<p>So geht es weiter: Aus zehn B\u00e4ckereien mit den meisten Stimmen k\u00f6nnen Sie jetzt bis zum Montag, 20. Oktober, 12 Uhr, abstimmen, wo es den besten Pfannkuchen gibt. Dann k\u00fcren wir den Sieger.<\/p>\n<p class=\"Textstyled__Text-sc-1cqv9mi-0 cLyiiX\">Damit verabschiede ich mich f\u00fcr heute.<\/p>\n<p>Weiterlesen nach der Anzeige<\/p>\n<p>Weiterlesen nach der Anzeige<\/p>\n<p>Bis bald, Josephine Heinze<\/p>\n<p class=\"Textstyled__Text-sc-1cqv9mi-0 cLyiiX\"><b>PS: Wenn Sie noch Zeit haben \u2026<\/b><\/p>\n<p class=\"Textstyled__Text-sc-1cqv9mi-0 cLyiiX\">\u2026 dann lege ich Ihnen meine heutigen Leseempfehlungen ans Herz:<\/p>\n<p class=\"Textstyled__Text-sc-1cqv9mi-0 cLyiiX\"><a href=\"https:\/\/www.lvz.de\/mitteldeutschland\/sachsen-will-die-mietpreisbremse-fuer-dresden-und-leipzig-ab-2026-verlaengern-GTNE4GRLB5F4VB2LOG3S4UJEHI.html\" target=\"_blank\" rel=\"noreferrer nofollow noopener\" title=\"https:\/\/www.lvz.de\/mitteldeutschland\/sachsen-will-die-mietpreisbremse-fuer-dresden-und-leipzig-ab-2026-verlaengern-GTNE4GRLB5F4VB2LOG3S4UJEHI.html\" data-vars-event-category=\"intext_link\" data-vars-event-action=\"click\" data-vars-event-label=\"https:\/\/www.lvz.de\/mitteldeutschland\/sachsen-will-die-mietpreisbremse-fuer-dresden-und-leipzig-ab-2026-verlaengern-GTNE4GRLB5F4VB2LOG3S4UJEHI.html\">Sachsen will die Mietpreisbremse f\u00fcr Dresden und Leipzig ab 2026 verl\u00e4ngern<\/a><\/p>\n<p class=\"Textstyled__Text-sc-1cqv9mi-0 cLyiiX\"><a href=\"https:\/\/www.lvz.de\/mitteldeutschland\/dresden-goerlitz-pendler-klagt-gegen-kontrollen-der-bundespolizei-an-deutsch-polnischer-grenze-OQNMWIZGD5FLZMO5PRR6YLI2NQ.html\" target=\"_blank\" rel=\"noreferrer nofollow noopener\" title=\"https:\/\/www.lvz.de\/mitteldeutschland\/dresden-goerlitz-pendler-klagt-gegen-kontrollen-der-bundespolizei-an-deutsch-polnischer-grenze-OQNMWIZGD5FLZMO5PRR6YLI2NQ.html\" data-vars-event-category=\"intext_link\" data-vars-event-action=\"click\" data-vars-event-label=\"https:\/\/www.lvz.de\/mitteldeutschland\/dresden-goerlitz-pendler-klagt-gegen-kontrollen-der-bundespolizei-an-deutsch-polnischer-grenze-OQNMWIZGD5FLZMO5PRR6YLI2NQ.html\">Streit \u00fcber Migrationswende: Pendler klagt vor Dresdner Gericht gegen Grenzkontrollen<\/a><\/p>\n<p class=\"Textstyled__Text-sc-1cqv9mi-0 cLyiiX\"><a href=\"https:\/\/www.lvz.de\/mitteldeutschland\/hype-um-ddr-retro-kultkinderwagen-eine-sammlerin-aus-tharandt-zeigt-ihre-schaetze-5PM4L7SSQNC2FIHWIFG7EBQLQU.html\" target=\"_blank\" rel=\"noreferrer nofollow noopener\" title=\"https:\/\/www.lvz.de\/mitteldeutschland\/hype-um-ddr-retro-kultkinderwagen-eine-sammlerin-aus-tharandt-zeigt-ihre-schaetze-5PM4L7SSQNC2FIHWIFG7EBQLQU.html\" data-vars-event-category=\"intext_link\" data-vars-event-action=\"click\" data-vars-event-label=\"https:\/\/www.lvz.de\/mitteldeutschland\/hype-um-ddr-retro-kultkinderwagen-eine-sammlerin-aus-tharandt-zeigt-ihre-schaetze-5PM4L7SSQNC2FIHWIFG7EBQLQU.html\">Kult-Kinderwagen: Sammlerin aus Tharandt zeigt ihre DDR-Sch\u00e4tze<\/a><\/p>\n<p>Weiterlesen nach der Anzeige<\/p>\n<p>Weiterlesen nach der Anzeige<\/p>\n<p>Unser 5in5-Newsletter<\/p>\n<p class=\"CallToActionBasestyled__Text-sc-1k69918-5 fbjGwD\">Die 5 wichtigsten Themen exklusiv aus Ihrer Region jeden Werktag um 5 Uhr \u2013 kostenlos direkt per E-Mail.<\/p>\n<p>Abonnieren Sie auch<\/p>\n<p class=\"Textstyled__Text-sc-1cqv9mi-0 cLyiiX\"><a href=\"https:\/\/www.lvz.de\/newsletter\/politik-in-sachsen\/\" target=\"_blank\" rel=\"noreferrer nofollow noopener\" title=\"https:\/\/www.lvz.de\/newsletter\/politik-in-sachsen\/\" data-vars-event-category=\"intext_link\" data-vars-event-action=\"click\" data-vars-event-label=\"https:\/\/www.lvz.de\/newsletter\/politik-in-sachsen\/\"><b>Politik in Sachsen:<\/b><\/a> Jeden Morgen wissen, wor\u00fcber Sachsen am Tag reden wird.<\/p>\n<p class=\"Editorialstyled__Editorial-sc-1bfvh9l-0 cSmjnJ\">LVZ<\/p>\n","protected":false},"excerpt":{"rendered":"5in5 Leipzig Fahrradparkhaus kommt + LVB locken mit Bonuspunkten + Tipps f\u00fcr Herbstlaub Guten Morgen! Wer in Leipzig&hellip;\n","protected":false},"author":2,"featured_media":273976,"comment_status":"","ping_status":"","sticky":false,"template":"","format":"standard","meta":{"footnotes":""},"categories":[1832],"tags":[3364,29,30,71,859],"class_list":{"0":"post-502216","1":"post","2":"type-post","3":"status-publish","4":"format-standard","5":"has-post-thumbnail","7":"category-leipzig","8":"tag-de","9":"tag-deutschland","10":"tag-germany","11":"tag-leipzig","12":"tag-sachsen"},"share_on_mastodon":{"url":"https:\/\/pubeurope.com\/@de\/115381756984832082","error":""},"_links":{"self":[{"href":"https:\/\/www.europesays.com\/de\/wp-json\/wp\/v2\/posts\/502216","targetHints":{"allow":["GET"]}}],"collection":[{"href":"https:\/\/www.europesays.com\/de\/wp-json\/wp\/v2\/posts"}],"about":[{"href":"https:\/\/www.europesays.com\/de\/wp-json\/wp\/v2\/types\/post"}],"author":[{"embeddable":true,"href":"https:\/\/www.europesays.com\/de\/wp-json\/wp\/v2\/users\/2"}],"replies":[{"embeddable":true,"href":"https:\/\/www.europesays.com\/de\/wp-json\/wp\/v2\/comments?post=502216"}],"version-history":[{"count":0,"href":"https:\/\/www.europesays.com\/de\/wp-json\/wp\/v2\/posts\/502216\/revisions"}],"wp:featuredmedia":[{"embeddable":true,"href":"https:\/\/www.europesays.com\/de\/wp-json\/wp\/v2\/media\/273976"}],"wp:attachment":[{"href":"https:\/\/www.europesays.com\/de\/wp-json\/wp\/v2\/media?parent=502216"}],"wp:term":[{"taxonomy":"category","embeddable":true,"href":"https:\/\/www.europesays.com\/de\/wp-json\/wp\/v2\/categories?post=502216"},{"taxonomy":"post_tag","embeddable":true,"href":"https:\/\/www.europesays.com\/de\/wp-json\/wp\/v2\/tags?post=502216"}],"curies":[{"name":"wp","href":"https:\/\/api.w.org\/{rel}","templated":true}]}}