{"id":502217,"date":"2025-10-16T03:37:16","date_gmt":"2025-10-16T03:37:16","guid":{"rendered":"https:\/\/www.europesays.com\/de\/502217\/"},"modified":"2025-10-16T03:37:16","modified_gmt":"2025-10-16T03:37:16","slug":"hsv-vor-emotionaler-rueckkehr-was-von-yussuf-poulsen-bei-rb-leipzig-uebrig-blieb-sport","status":"publish","type":"post","link":"https:\/\/www.europesays.com\/de\/502217\/","title":{"rendered":"HSV: Vor emotionaler R\u00fcckkehr! Was von Yussuf Poulsen bei RB Leipzig \u00fcbrig blieb | Sport"},"content":{"rendered":"<p><b>Das wird ein ganz besonderes Wiedersehen! Nach zw\u00f6lf Jahren und 425 Spielen f\u00fcr RB Leipzig kommt Yussuf Poulsen (31) am Samstag (15.30 Uhr) mit dem Hamburger SV erstmals als Gegner in die Red Bull Arena.<\/b><\/p>\n<p>Der Rekordspieler der Sachsen: \u201eIch freue mich, wieder in dem Stadion zu spielen und mal Gegner von Leipzig zu sein, das wird etwas Neues f\u00fcr mich \u2013\u00a0hoffentlich wird es ein geiles Spiel.\u201c<\/p>\n<p>Und Leipzig-Torwart Peter Gulacsi (35) gibt zu: \u201eIhn in einem anderen Trikot zu sehen, wird am Anfang etwas komisch.\u201c<\/p>\n<p>Mehr zum Thema<\/p>\n<p>Klar: Auf den HSV-Kapit\u00e4n wartet ein emotionaler Empfang mit einer <a href=\"https:\/\/www.bild.de\/sport\/fussball\/bundesliga-rueckkehr-als-hsv-kapitaen-was-rb-leipzig-fuer-yussuf-poulsen-plant-68eeaf2f693a8d1483053346\" class=\"text-link\" target=\"_blank\" rel=\"noopener\">Choreo der Leipzig-Fans<\/a> und der offiziellen Verabschiedung seines Ex-Klubs. Seine Familie wird auf der Trib\u00fcne sitzen. Mutter Lene reist extra aus D\u00e4nemark an.<\/p>\n<p><b>Poulsens erstes Leipzig-Gastspiel! BILD sagt, was au\u00dfer Erinnerungen vom Angreifer bei RB noch \u00fcbrig ist.<\/b><\/p>\n<p>W\u00e4hrend Poulsens R\u00fcckennummer 9 schon nach drei Tagen an Neuzugang Johan Bakayoko (22) weitergegeben wurde, ist und bleibt der St\u00fcrmer fester Teil der Leipziger Legenden-Wand in den Katakomben des Stadions.<\/p>\n<p><img decoding=\"async\" width=\"992\" height=\"558\" alt=\"Poulsen ist Teil von Leipzigs Legenden-Wand\" src=\"https:\/\/www.europesays.com\/de\/wp-content\/uploads\/2025\/10\/b63b4cf9872945c62eacbde7611aa6dc,86151b47\"   class=\"landscape\" loading=\"lazy\"\/><\/p>\n<p class=\"fig__caption__text\">Poulsen ist Teil von Leipzigs Legenden-Wand<\/p>\n<p>Foto: RB Leipzig\/Motivio<\/p>\n<p>Als einer der ersten RB-Helden wurde 2021 sein Gesicht mit einem Graffiti verewigt. Neben ihm stehen weitere Klub-Idole wie Timo Werner (29), Emil Forsberg (33), Peter Gulacsi (35) oder Willi Orban (32).<\/p>\n<p><b>\u00dcberraschend: Auch nach seinem HSV-Wechsel tritt Poulsen in Leipzig als Ratgeber UND Helfer in Erscheinung. Sturm-Nachfolger Conrad Harder (20) bekam nach dem Transfer zu RB nicht nur Tipps, wo die besten Restaurants in der Stadt sind, nach BILD-Informationen \u00fcberlie\u00df er seinem Landsmann auch die Wohnung.<\/b><\/p>\n<p>Nach Fan-Skandal: Schalke-Trainer sch\u00e4mt sich<a class=\"anchor video-teaser__anchor\" href=\"https:\/\/www.bild.de\/sport\/fussball\/fc-schalke-04-trainer-muslic-schaemt-sich-nach-fan-skandal-68efb2d01163706683d9426d\" target=\"_blank\" rel=\"noopener\"><img decoding=\"async\" width=\"992\" height=\"558\" alt=\"FC Schalke 04: Trainer Muslic sch\u00e4mt sich nach Fan-Skandal\" src=\"https:\/\/www.europesays.com\/de\/wp-content\/uploads\/2025\/10\/03279188a55f8baaa7848ca2aef80a94-landscape,4f4a5f6a\"   class=\"landscape teaser__image\" loading=\"lazy\"\/><\/a><\/p>\n<p>Quelle: BILD15.10.2025<\/p>\n<p>W\u00e4hrend Poulsen sich Samstag erstmals in der G\u00e4stekabine umziehen muss (\u201eDas wird besonders\u201c), hat seinen Sitzplatz bei <a href=\"https:\/\/www.bild.de\/sport\/fussball\/rb-leipzig\/startseite-leipzig-31148870.bild.html\" class=\"text-link\" target=\"_blank\" rel=\"noopener\">RB Leipzig<\/a> Offensiv-Juwel Yan Diomande (18) \u00fcbernommen.<\/p>\n<p>Kurios: Wie der junge Poulsen in seiner Anfangszeit, fiel auch der Fl\u00fcgelflitzer zuletzt einmalig mit Unp\u00fcnktlichkeit auf. Nachdem Diomande beim letzten Spiel in Dortmund (1:1) zur Abschlusssitzung zu sp\u00e4t kam, flog er aus der Startelf. Poulsen erwischte es im Oktober 2013 noch schlimmer. Weil er vor dem Drittliga-Spiel gegen Chemnitz das Abschlusstraining verpennt hatte, wurde er einst ganz aus dem Kader gestrichen.<\/p>\n<p><img decoding=\"async\" width=\"992\" height=\"1303\" alt=\"Vor seinem Wiedersehen mit dem Ex-Klub gab Poulsen seinem Trainer Merlin Polzin RB-Tipps\" src=\"https:\/\/www.europesays.com\/de\/wp-content\/uploads\/2025\/10\/f42f0c5f01565207ce4096bf9d1f367e,9412b932\"   class=\"dynamic\" loading=\"lazy\"\/><\/p>\n<p class=\"fig__caption__text\">Vor seinem Wiedersehen mit dem Ex-Klub gab Poulsen seinem Trainer Merlin Polzin RB-Tipps<\/p>\n<p>Foto: Oliver Ruhnke<\/p>\n<p><b>Poulsen hat daraus schnell gelernt und hofft 12 Jahre sp\u00e4ter auf den ersten Sieg als Gegner \u2013 und daf\u00fcr gab er HSV-Trainer Merlin Polzin (34) sogar schon Tipps. Er verr\u00e4t: \u201eWir haben das besprochen, was ich noch von Leipzig kenne.\u201c<\/b><\/p>\n<p>Mal sehen, ob das seinem Team hilft&#8230;<\/p>\n","protected":false},"excerpt":{"rendered":"Das wird ein ganz besonderes Wiedersehen! Nach zw\u00f6lf Jahren und 425 Spielen f\u00fcr RB Leipzig kommt Yussuf Poulsen&hellip;\n","protected":false},"author":2,"featured_media":502218,"comment_status":"","ping_status":"","sticky":false,"template":"","format":"standard","meta":{"footnotes":""},"categories":[1832],"tags":[3364,29,538,30,10785,71,10783,1655,859,3460,4581,45],"class_list":{"0":"post-502217","1":"post","2":"type-post","3":"status-publish","4":"format-standard","5":"has-post-thumbnail","7":"category-leipzig","8":"tag-de","9":"tag-deutschland","10":"tag-erste-bundesliga","11":"tag-germany","12":"tag-gulacsi-peter","13":"tag-leipzig","14":"tag-poulsen-yussuf","15":"tag-rb-leipzig","16":"tag-sachsen","17":"tag-sport-leuchtturm-leipzig","18":"tag-sport-tag-im-ticker","19":"tag-texttospeech"},"share_on_mastodon":{"url":"https:\/\/pubeurope.com\/@de\/115381760706103050","error":""},"_links":{"self":[{"href":"https:\/\/www.europesays.com\/de\/wp-json\/wp\/v2\/posts\/502217","targetHints":{"allow":["GET"]}}],"collection":[{"href":"https:\/\/www.europesays.com\/de\/wp-json\/wp\/v2\/posts"}],"about":[{"href":"https:\/\/www.europesays.com\/de\/wp-json\/wp\/v2\/types\/post"}],"author":[{"embeddable":true,"href":"https:\/\/www.europesays.com\/de\/wp-json\/wp\/v2\/users\/2"}],"replies":[{"embeddable":true,"href":"https:\/\/www.europesays.com\/de\/wp-json\/wp\/v2\/comments?post=502217"}],"version-history":[{"count":0,"href":"https:\/\/www.europesays.com\/de\/wp-json\/wp\/v2\/posts\/502217\/revisions"}],"wp:featuredmedia":[{"embeddable":true,"href":"https:\/\/www.europesays.com\/de\/wp-json\/wp\/v2\/media\/502218"}],"wp:attachment":[{"href":"https:\/\/www.europesays.com\/de\/wp-json\/wp\/v2\/media?parent=502217"}],"wp:term":[{"taxonomy":"category","embeddable":true,"href":"https:\/\/www.europesays.com\/de\/wp-json\/wp\/v2\/categories?post=502217"},{"taxonomy":"post_tag","embeddable":true,"href":"https:\/\/www.europesays.com\/de\/wp-json\/wp\/v2\/tags?post=502217"}],"curies":[{"name":"wp","href":"https:\/\/api.w.org\/{rel}","templated":true}]}}