{"id":502224,"date":"2025-10-16T03:41:18","date_gmt":"2025-10-16T03:41:18","guid":{"rendered":"https:\/\/www.europesays.com\/de\/502224\/"},"modified":"2025-10-16T03:41:18","modified_gmt":"2025-10-16T03:41:18","slug":"ob-nopper-ueberreicht-ordensschwester-margret-ebe-ehrenmuenze-im-rathaus","status":"publish","type":"post","link":"https:\/\/www.europesays.com\/de\/502224\/","title":{"rendered":"OB Nopper \u00fcberreicht Ordensschwester Margret Ebe Ehrenm\u00fcnze im Rathaus"},"content":{"rendered":"<p>In den 1990er-Jahren kamen die Stra\u00dfenarbeit, Hilfstransporte ins Baltikum und Unterst\u00fctzung von Roma in der Slowakei mit Lebensmitteln, Kleidung und Medikamenten hinzu. Die Unterst\u00fctzung erfolgte im Ausland in Krankenh\u00e4usern, Schulen und durch Hilfen f\u00fcr Kinder aus Familien mit Suchtproblematik.<\/p>\n<p>Sp\u00e4ter wurde in Stuttgart die Drogen- und Alkoholpr\u00e4vention ausgebaut und es gab Unterst\u00fctzung beim Ausstieg und Vermittlung an Beratungsstellen. Auch die medizinische Notversorgung wurde in Zusammenarbeit mit ehrenamtlichen \u00c4rztinnen und \u00c4rzten verst\u00e4rkt sowie die Kleiderausgabe erweitert. W\u00e4hrend der Corona-Pandemie f\u00fchrte Schwester Margret die Angebote weiter fort, stets unter dem Motto \u201eRespekt und W\u00fcrde f\u00fcr alle G\u00e4ste\u201c.<\/p>\n<p>Innerhalb des sozialen Hilfesystems war Schwester Margret eine kompetente und gefragte Ansprechperson zum Thema Armut und Wohnungslosigkeit. 1995 erhielt sie den Verdienstorden des Landes Baden-W\u00fcrttemberg, im Jahr 2016 folgte f\u00fcr ihren gro\u00dfen Einsatz f\u00fcr Benachteiligte das Verdienstkreuz am Bande des Verdienstordens der Bundesrepublik Deutschland. Schwester Margret Ebe wurde vom Caritasverband f\u00fcr Stuttgart e.V. Ende September in den Ruhestand verabschiedet, den die Ordensschwester im Kloster in Sie\u00dfen verbringen wird.<\/p>\n","protected":false},"excerpt":{"rendered":"In den 1990er-Jahren kamen die Stra\u00dfenarbeit, Hilfstransporte ins Baltikum und Unterst\u00fctzung von Roma in der Slowakei mit Lebensmitteln,&hellip;\n","protected":false},"author":2,"featured_media":4018,"comment_status":"","ping_status":"","sticky":false,"template":"","format":"standard","meta":{"footnotes":""},"categories":[1830],"tags":[125644,1634,88883,29463,60702,125645,125648,3364,29,125646,5393,125649,125650,99279,125651,125643,125647,11045,35837,125652,125653,125654,125655,30,125656,5266,1441],"class_list":{"0":"post-502224","1":"post","2":"type-post","3":"status-publish","4":"format-standard","5":"has-post-thumbnail","7":"category-stuttgart","8":"tag-altersjubilaeum","9":"tag-baden-wuerttemberg","10":"tag-buerger-engagement","11":"tag-buergerantrag","12":"tag-buergerengagement","13":"tag-buergermedaille","14":"tag-buergerschaftliches-engagement","15":"tag-de","16":"tag-deutschland","17":"tag-ehejubilaeum","18":"tag-ehrenamt","19":"tag-ehrenamtliche-taetigkeit","20":"tag-ehrenamtsberatung","21":"tag-ehrenamtsboerse","22":"tag-ehrenamtsbuero","23":"tag-ehrenmuenze","24":"tag-ehrenplakette","25":"tag-ehrung","26":"tag-ehrungen","27":"tag-freiwilligenagentur","28":"tag-freiwilligenarbeit","29":"tag-freiwilligenboerse","30":"tag-freiwilliges-engagement","31":"tag-germany","32":"tag-interessenboerse","33":"tag-obdachlose","34":"tag-stuttgart"},"share_on_mastodon":{"url":"","error":"Validation failed: Text character limit of 500 exceeded"},"_links":{"self":[{"href":"https:\/\/www.europesays.com\/de\/wp-json\/wp\/v2\/posts\/502224","targetHints":{"allow":["GET"]}}],"collection":[{"href":"https:\/\/www.europesays.com\/de\/wp-json\/wp\/v2\/posts"}],"about":[{"href":"https:\/\/www.europesays.com\/de\/wp-json\/wp\/v2\/types\/post"}],"author":[{"embeddable":true,"href":"https:\/\/www.europesays.com\/de\/wp-json\/wp\/v2\/users\/2"}],"replies":[{"embeddable":true,"href":"https:\/\/www.europesays.com\/de\/wp-json\/wp\/v2\/comments?post=502224"}],"version-history":[{"count":0,"href":"https:\/\/www.europesays.com\/de\/wp-json\/wp\/v2\/posts\/502224\/revisions"}],"wp:featuredmedia":[{"embeddable":true,"href":"https:\/\/www.europesays.com\/de\/wp-json\/wp\/v2\/media\/4018"}],"wp:attachment":[{"href":"https:\/\/www.europesays.com\/de\/wp-json\/wp\/v2\/media?parent=502224"}],"wp:term":[{"taxonomy":"category","embeddable":true,"href":"https:\/\/www.europesays.com\/de\/wp-json\/wp\/v2\/categories?post=502224"},{"taxonomy":"post_tag","embeddable":true,"href":"https:\/\/www.europesays.com\/de\/wp-json\/wp\/v2\/tags?post=502224"}],"curies":[{"name":"wp","href":"https:\/\/api.w.org\/{rel}","templated":true}]}}