{"id":502234,"date":"2025-10-16T03:47:13","date_gmt":"2025-10-16T03:47:13","guid":{"rendered":"https:\/\/www.europesays.com\/de\/502234\/"},"modified":"2025-10-16T03:47:13","modified_gmt":"2025-10-16T03:47:13","slug":"fuerstenrieder-strasse-in-muenchen-gesperrt-hohlraeume-im-untergrund-entdeckt","status":"publish","type":"post","link":"https:\/\/www.europesays.com\/de\/502234\/","title":{"rendered":"F\u00fcrstenrieder Stra\u00dfe in M\u00fcnchen gesperrt: Hohlr\u00e4ume im Untergrund entdeckt"},"content":{"rendered":"<ol class=\"id-DonaldBreadcrumb lp_west_breadcrumb id-DonaldBreadcrumb--default\" data-k5a-pos=\"west_breadcrumb\">\n<li class=\"id-Breadcrumb-item\"><a href=\"https:\/\/www.innsalzach24.de\/\" class=\"id-Breadcrumb-link\" data-id-ec=\"{\" shn=\"\" textlink=\"\" data-k5a-pos=\"1_innsalzach24De\" rel=\"nofollow noopener\" target=\"_blank\">innsalzach24-de<\/a><\/li>\n<li class=\"id-Breadcrumb-item\"><a href=\"https:\/\/www.innsalzach24.de\/bayern\/\" class=\"id-Breadcrumb-link\" data-id-ec=\"{\" shn=\"\" textlink=\"\" data-k5a-pos=\"2_bayern\" rel=\"nofollow noopener\" target=\"_blank\">Bayern<\/a><\/li>\n<li class=\"id-Breadcrumb-item\"><a href=\"https:\/\/www.innsalzach24.de\/bayern\/muenchen\/\" class=\"id-Breadcrumb-link\" data-id-ec=\"{\" shn=\"\" textlink=\"\" data-k5a-pos=\"3_muenchen\" rel=\"nofollow noopener\" target=\"_blank\">M\u00fcnchen<\/a><\/li>\n<\/ol>\n<p class=\"id-Story-timestamp id-Story-timestamp--default\">Stand: 16.10.2025, 05:44 Uhr<\/p>\n<p class=\"id-Story-authors id-Story-authors--default\">Von: <a class=\"id-Story-authors-link lp_west_author\" href=\"https:\/\/www.innsalzach24.de\/autor\/felix-graf-tnfhnfdbk.html\" title=\"Zur Autorenseite von Felix Graf\" data-id-ec=\"{\" shn=\"\" author-link=\"\" graf=\"\" data-k5a-pos=\"west_author\" rel=\"nofollow noopener\" target=\"_blank\">Felix Graf<\/a><\/p>\n<p class=\"id-Story-interactionBar id-Story-interactionBar--default\">DruckenTeilen<\/p>\n<p><img decoding=\"async\" class=\"id-RatioPlaceholder-element wv_story_el_image\" src=\"https:\/\/www.europesays.com\/de\/wp-content\/uploads\/2025\/10\/40088167-strasse-nach-fund-von-hohlraeumen-unter-fahrbahn-gesperrt-2o7a.jpg\" loading=\"eager\" fetchpriority=\"high\"   height=\"792\" width=\"1408\" alt=\"Stra&#xDF;e nach Fund von Hohlr&#xE4;umen unter Fahrbahn gesperrt\"\/>Dieses von SWM\/MVG zur Verf\u00fcgung gestellte Foto zeigt ein Baufahrzeug in der N\u00e4he eines bei Bauarbeiten an der F\u00fcrstenrieder Stra\u00dfe gefundenen Hohlraums.  \u00a9\u00a0-\/SWM\/MVG\/dpa<\/p>\n<p class=\"id-StoryElement-leadText\">Beim Bau einer neuen Tramlinie im M\u00fcnchner Westen haben Arbeiter unter der F\u00fcrstenrieder Stra\u00dfe Hohlr\u00e4ume entdeckt. Die wichtige Verkehrsader musste daraufhin gesperrt werden.<\/p>\n<p class=\"id-StoryElement-paragraph\"><strong>M\u00fcnchen \u2013 <\/strong>Die <strong>Stadtwerke M\u00fcnchen<\/strong> haben nach der Entdeckung umgehend \u00fcberpr\u00fcft, ob der betroffene Abschnitt und das Umfeld noch ausreichend tragf\u00e4hig sind. Das Ergebnis fiel negativ aus: Die Stra\u00dfe muss vorerst gesperrt bleiben. <strong>Fahrg\u00e4ste von drei Buslinien \u2013 der 51, 151 und 168 \u2013 m\u00fcssen deshalb Umleitungen in Kauf nehmen.<\/strong><\/p>\n<p class=\"id-StoryElement-paragraph\">Wie lange die Nord-S\u00fcd-Route nach dem Fund am Dienstag (14. Oktober) gesperrt bleibt, ist zun\u00e4chst unklar. Um die Ursache f\u00fcr die Hohlr\u00e4ume zu finden, muss der Bereich ausgegraben und neu verf\u00fcllt werden. <strong>\u201eAus heutiger Sicht ist davon auszugehen, dass die Ma\u00dfnahme wenige Tage bis zu zwei Wochen in Anspruch nimmt\u201c<\/strong>, teilten die Stadtwerke mit.<\/p>\n<p>Vermutlich Folge des U-Bahn-Baus<\/p>\n<p class=\"id-StoryElement-paragraph\">Als Ursache f\u00fcr die unerwarteten Hohlr\u00e4ume vermuten die Stadtwerke den Bau der U-Bahnstrecke, die an der F\u00fcrstenrieder Stra\u00dfe am Laimer Platz endet.<strong> \u201eDer Verbau, teilweise aus Holz, der verf\u00fcllt wurde, ist mutma\u00dflich \u00fcber die Zeit verrottet\u201c<\/strong>, erkl\u00e4rten die Stadtwerke. Die Hohlr\u00e4ume seien bei der Untersuchung des Bodens vor Beginn der Bauarbeiten f\u00fcr die Tram nicht zu erkennen gewesen. Inwieweit der Fund den Bau der neuen Tramlinie weiter verz\u00f6gern k\u00f6nnte, werde noch gepr\u00fcft. (fgr)<\/p>\n","protected":false},"excerpt":{"rendered":"innsalzach24-de Bayern M\u00fcnchen Stand: 16.10.2025, 05:44 Uhr Von: Felix Graf DruckenTeilen Dieses von SWM\/MVG zur Verf\u00fcgung gestellte Foto&hellip;\n","protected":false},"author":2,"featured_media":502235,"comment_status":"","ping_status":"","sticky":false,"template":"","format":"standard","meta":{"footnotes":""},"categories":[1827],"tags":[772,29,30,1268],"class_list":{"0":"post-502234","1":"post","2":"type-post","3":"status-publish","4":"format-standard","5":"has-post-thumbnail","7":"category-muenchen","8":"tag-bayern","9":"tag-deutschland","10":"tag-germany","11":"tag-muenchen"},"share_on_mastodon":{"url":"https:\/\/pubeurope.com\/@de\/115381799929907714","error":""},"_links":{"self":[{"href":"https:\/\/www.europesays.com\/de\/wp-json\/wp\/v2\/posts\/502234","targetHints":{"allow":["GET"]}}],"collection":[{"href":"https:\/\/www.europesays.com\/de\/wp-json\/wp\/v2\/posts"}],"about":[{"href":"https:\/\/www.europesays.com\/de\/wp-json\/wp\/v2\/types\/post"}],"author":[{"embeddable":true,"href":"https:\/\/www.europesays.com\/de\/wp-json\/wp\/v2\/users\/2"}],"replies":[{"embeddable":true,"href":"https:\/\/www.europesays.com\/de\/wp-json\/wp\/v2\/comments?post=502234"}],"version-history":[{"count":0,"href":"https:\/\/www.europesays.com\/de\/wp-json\/wp\/v2\/posts\/502234\/revisions"}],"wp:featuredmedia":[{"embeddable":true,"href":"https:\/\/www.europesays.com\/de\/wp-json\/wp\/v2\/media\/502235"}],"wp:attachment":[{"href":"https:\/\/www.europesays.com\/de\/wp-json\/wp\/v2\/media?parent=502234"}],"wp:term":[{"taxonomy":"category","embeddable":true,"href":"https:\/\/www.europesays.com\/de\/wp-json\/wp\/v2\/categories?post=502234"},{"taxonomy":"post_tag","embeddable":true,"href":"https:\/\/www.europesays.com\/de\/wp-json\/wp\/v2\/tags?post=502234"}],"curies":[{"name":"wp","href":"https:\/\/api.w.org\/{rel}","templated":true}]}}