{"id":502236,"date":"2025-10-16T03:48:11","date_gmt":"2025-10-16T03:48:11","guid":{"rendered":"https:\/\/www.europesays.com\/de\/502236\/"},"modified":"2025-10-16T03:48:11","modified_gmt":"2025-10-16T03:48:11","slug":"hamburg-fluechtlings-protest-an-unterkunft-in-schlachthofstrasse-sicherheitschef-ausgetauscht","status":"publish","type":"post","link":"https:\/\/www.europesays.com\/de\/502236\/","title":{"rendered":"Hamburg: Fl\u00fcchtlings-Protest an Unterkunft in Schlachthofstra\u00dfe \u2013 Sicherheitschef ausgetauscht"},"content":{"rendered":"<p><b>Fehlende Privatsph\u00e4re, defekte Duschen und ausgefallene Heizungen: Die Lebensbedingungen in der Fl\u00fcchtlingsunterkunft in der Schlachthofstra\u00dfe (Hamburg-Neuland) standen in den vergangenen Monaten immer wieder in der Kritik. Am Sonntag kam es erneut zu Protesten vor Ort. Der Sicherheitschef alarmierte die Polizei und meldete eine k\u00f6rperliche Auseinandersetzung zwischen 150 Personen \u2013 doch vor Ort zeigte sich ein anderes Bild, das nun Konsequenzen hat.<\/b><\/p>\n","protected":false},"excerpt":{"rendered":"Fehlende Privatsph\u00e4re, defekte Duschen und ausgefallene Heizungen: Die Lebensbedingungen in der Fl\u00fcchtlingsunterkunft in der Schlachthofstra\u00dfe (Hamburg-Neuland) standen in&hellip;\n","protected":false},"author":2,"featured_media":502237,"comment_status":"","ping_status":"","sticky":false,"template":"","format":"standard","meta":{"footnotes":""},"categories":[1826],"tags":[29,30,692],"class_list":{"0":"post-502236","1":"post","2":"type-post","3":"status-publish","4":"format-standard","5":"has-post-thumbnail","7":"category-hamburg","8":"tag-deutschland","9":"tag-germany","10":"tag-hamburg"},"share_on_mastodon":{"url":"https:\/\/pubeurope.com\/@de\/115381803924449746","error":""},"_links":{"self":[{"href":"https:\/\/www.europesays.com\/de\/wp-json\/wp\/v2\/posts\/502236","targetHints":{"allow":["GET"]}}],"collection":[{"href":"https:\/\/www.europesays.com\/de\/wp-json\/wp\/v2\/posts"}],"about":[{"href":"https:\/\/www.europesays.com\/de\/wp-json\/wp\/v2\/types\/post"}],"author":[{"embeddable":true,"href":"https:\/\/www.europesays.com\/de\/wp-json\/wp\/v2\/users\/2"}],"replies":[{"embeddable":true,"href":"https:\/\/www.europesays.com\/de\/wp-json\/wp\/v2\/comments?post=502236"}],"version-history":[{"count":0,"href":"https:\/\/www.europesays.com\/de\/wp-json\/wp\/v2\/posts\/502236\/revisions"}],"wp:featuredmedia":[{"embeddable":true,"href":"https:\/\/www.europesays.com\/de\/wp-json\/wp\/v2\/media\/502237"}],"wp:attachment":[{"href":"https:\/\/www.europesays.com\/de\/wp-json\/wp\/v2\/media?parent=502236"}],"wp:term":[{"taxonomy":"category","embeddable":true,"href":"https:\/\/www.europesays.com\/de\/wp-json\/wp\/v2\/categories?post=502236"},{"taxonomy":"post_tag","embeddable":true,"href":"https:\/\/www.europesays.com\/de\/wp-json\/wp\/v2\/tags?post=502236"}],"curies":[{"name":"wp","href":"https:\/\/api.w.org\/{rel}","templated":true}]}}