{"id":502238,"date":"2025-10-16T03:49:32","date_gmt":"2025-10-16T03:49:32","guid":{"rendered":"https:\/\/www.europesays.com\/de\/502238\/"},"modified":"2025-10-16T03:49:32","modified_gmt":"2025-10-16T03:49:32","slug":"zugverkehr-am-hamburger-hauptbahnhof-laeuft-wieder","status":"publish","type":"post","link":"https:\/\/www.europesays.com\/de\/502238\/","title":{"rendered":"Zugverkehr am Hamburger Hauptbahnhof l\u00e4uft wieder"},"content":{"rendered":"<p>        <img decoding=\"async\" src=\"https:\/\/www.europesays.com\/de\/wp-content\/uploads\/2025\/10\/hauptbahnhof-126.webp\" alt=\"Bahnsteige im Hamburger Hauptbahnhof\" title=\"Bahnsteige im Hamburger Hauptbahnhof | Daniel Reinhardt\/dpa\" class=\"responsive\"\/><\/p>\n<p>AUDIO: Zugverkehr am Hamburger Hauptbahnhof wieder aufgenommen (1 Min)<\/p>\n<p>\n            Stand: 16.10.2025 05:39 Uhr<\/p>\n<p class=\"preface\">Die St\u00f6rung an einem Stellwerk des Hamburger Hauptbahnhofs ist behoben, die Zugverkehr soll laut Bahn planm\u00e4\u00dfig anlaufen. Das teilte die Bahn am Morgen mit. Einzelne Zugausf\u00e4lle sind aber besonders im Regionalverkehr m\u00f6glich. <\/p>\n<p class=\"\">&#8222;Zum Betriebsstart sind Zugfahrten von und nach Hamburg Hauptbahnhof wieder m\u00f6glich und der Zugverkehr l\u00e4uft zum Betriebsbeginn planm\u00e4\u00dfig an&#8220;, sagte eine Sprecherin der Deutschen Bahn am fr\u00fchen Morgen. Es k\u00f6nne aber sein, dass einige Fahrten ausfallen oder nur teilweise stattfinden, weil Fahrzeuge oder Personal fehlen. Die betrifft besonders den Regionalverkehr.<\/p>\n<p>    Kabelschaden machte Probleme im Stellwerk<\/p>\n<p class=\"\">Wegen eines Kabelschadens war der Zugverkehr am Hamburger Hauptbahnhof am Mittwoch stark beeintr\u00e4chtigt worden. Der Schaden wurde nach Angaben der Deutschen Bahn wohl bei Bauarbeiten zwischen Hamburg-Hauptbahnhof und Hamburg-Altona verursacht. Laut der Bundespolizei gibt es keine Hinweise auf eine Straftat. Der Hamburger Hauptbahnhof ist einer der gr\u00f6\u00dften Bahnh\u00f6fe und Verkehrsknotenpunkte in Deutschland. Laut Bahn verkehren auf 14 Gleisen t\u00e4glich mehr als 800 Z\u00fcge des Fern- und Nahverkehrs und mehr als 1.200 S-Bahnen.<\/p>\n<p>    Keine Hinweise auf Straftat<\/p>\n<p class=\"\">Ein Sprecher der Bundespolizei in Hamburg sagte am Mittwoch, dass es bislang keine Hinweise auf eine Straftat gebe. Die Bahn riet Reisenden dazu, sich vor Reiseantritt \u00fcber <a href=\"https:\/\/www.ndr.de\/nachrichten\/hamburg\/textlink-298112~splash.html\" title=\"Deutsche Bahn im Internet\" data-url=\"https:\/\/www.bahn.de\/\" class=\"js-link-dialog\" data-type=\"external\" target=\"_blank\" rel=\"noopener\">bahn.de<\/a>, den DB Navigator\u00a0oder bei der telefonischen Reiseauskunft 030\/2970 zu informieren.<\/p>\n<p class=\"\">Auch im Gro\u00dfraum K\u00f6ln kam es am Mittwoch wegen eines technischen Defekts <a href=\"https:\/\/www1.wdr.de\/nachrichten\/rheinland\/stellwerk-stoerung-koeln-100.html\" title=\"Zugausf\u00e4lle im Gro\u00dfraum K\u00f6ln\" target=\"_blank\" rel=\"noopener\">zu Ausf\u00e4llen und Umleitungen<\/a>.<\/p>\n<p>        <img decoding=\"async\" src=\"https:\/\/www.europesays.com\/de\/wp-content\/uploads\/2025\/10\/screenshot-63248.webp\" alt=\"Ein \u00fcberf\u00fclltes Gleis mit Menschen im Hamburger Hauptbahnhof.\" title=\"Ein \u00fcberf\u00fclltes Gleis mit Menschen im Hamburger Hauptbahnhof. | Screenshot\" class=\"responsive\" loading=\"lazy\"\/><\/p>\n<p>\n                                    1 Min<\/p>\n<p>Seit Mittwochnachmittag gibt es Ausf\u00e4lle und Verz\u00f6gerungen.<\/p>\n<p>Dieses Thema im Programm:<\/p>\n<p>                NDR 90,3 | NDR 90,3 Aktuell | 16.10.2025 | 06:00 Uhr<\/p>\n","protected":false},"excerpt":{"rendered":"AUDIO: Zugverkehr am Hamburger Hauptbahnhof wieder aufgenommen (1 Min) Stand: 16.10.2025 05:39 Uhr Die St\u00f6rung an einem Stellwerk&hellip;\n","protected":false},"author":2,"featured_media":502239,"comment_status":"","ping_status":"","sticky":false,"template":"","format":"standard","meta":{"footnotes":""},"categories":[1826],"tags":[29,30,692],"class_list":{"0":"post-502238","1":"post","2":"type-post","3":"status-publish","4":"format-standard","5":"has-post-thumbnail","7":"category-hamburg","8":"tag-deutschland","9":"tag-germany","10":"tag-hamburg"},"share_on_mastodon":{"url":"https:\/\/pubeurope.com\/@de\/115381808202889474","error":""},"_links":{"self":[{"href":"https:\/\/www.europesays.com\/de\/wp-json\/wp\/v2\/posts\/502238","targetHints":{"allow":["GET"]}}],"collection":[{"href":"https:\/\/www.europesays.com\/de\/wp-json\/wp\/v2\/posts"}],"about":[{"href":"https:\/\/www.europesays.com\/de\/wp-json\/wp\/v2\/types\/post"}],"author":[{"embeddable":true,"href":"https:\/\/www.europesays.com\/de\/wp-json\/wp\/v2\/users\/2"}],"replies":[{"embeddable":true,"href":"https:\/\/www.europesays.com\/de\/wp-json\/wp\/v2\/comments?post=502238"}],"version-history":[{"count":0,"href":"https:\/\/www.europesays.com\/de\/wp-json\/wp\/v2\/posts\/502238\/revisions"}],"wp:featuredmedia":[{"embeddable":true,"href":"https:\/\/www.europesays.com\/de\/wp-json\/wp\/v2\/media\/502239"}],"wp:attachment":[{"href":"https:\/\/www.europesays.com\/de\/wp-json\/wp\/v2\/media?parent=502238"}],"wp:term":[{"taxonomy":"category","embeddable":true,"href":"https:\/\/www.europesays.com\/de\/wp-json\/wp\/v2\/categories?post=502238"},{"taxonomy":"post_tag","embeddable":true,"href":"https:\/\/www.europesays.com\/de\/wp-json\/wp\/v2\/tags?post=502238"}],"curies":[{"name":"wp","href":"https:\/\/api.w.org\/{rel}","templated":true}]}}