{"id":502244,"date":"2025-10-16T03:52:30","date_gmt":"2025-10-16T03:52:30","guid":{"rendered":"https:\/\/www.europesays.com\/de\/502244\/"},"modified":"2025-10-16T03:52:30","modified_gmt":"2025-10-16T03:52:30","slug":"private-haftpflicht-schuetzt-mieter-und-vermieter","status":"publish","type":"post","link":"https:\/\/www.europesays.com\/de\/502244\/","title":{"rendered":"Private Haftpflicht sch\u00fctzt Mieter und Vermieter"},"content":{"rendered":"<p class=\"tspBHk0 tspBHk1\">Ein jeder kehre vor seiner T\u00fcr, und rein ist jedes Stadtquartier \u2013 so forderte schon Goethe. Jetzt sieht es in Berlin h\u00e4ufiger nach F%&amp;ck you Goethe aus. <\/p>\n<p class=\"tspBHk0\">Aber neben ordentlich ist Kehren gerade im Herbst auch eine Sicherheitsfrage. Wer schon mal auf nassen Bl\u00e4ttern ausgerutscht ist, muss davon nicht mehr \u00fcberzeugt werden. Fakt ist: Hat die Gemeinde, wie dies in Berlin der Fall ist, die Kehrpflicht in den weniger dicht besiedelten Gebieten auf die Hauseigent\u00fcmer \u00fcbertragen, sind sie dort auch f\u00fcr die Sicherheit auf den Gehwegen verantwortlich. <\/p>\n<p><img decoding=\"async\" src=\"https:\/\/www.europesays.com\/de\/wp-content\/uploads\/2025\/07\/markus-kamrad-seit-januar-2025-vorstand-der-verbraucherzentrale-berlin-foto-verbraucherzentrale-berl.jpeg\"   alt=\"\" width=\"80\" height=\"80\" loading=\"lazy\" class=\"tspAShw\"\/><\/p>\n<p class=\"tspB0nb\"><strong>Markus Kamrad<\/strong> ist Vorstand der Verbraucherzentrale Berlin.<\/p>\n<p class=\"tspBHk0\">Teilweise vereinbaren Eigent\u00fcmer mit ihren Mietern, dass sie die Bl\u00e4tter auf dem B\u00fcrgersteig beseitigen m\u00fcssen. Der Eigent\u00fcmer ist dazu verpflichtet, das zu kontrollieren. Genaue Regelungen, wie h\u00e4ufig Mieter oder Hauseigent\u00fcmer Laub entfernen m\u00fcssen, gibt es \u00fcbrigens nicht. Klar ist aber: so oft wie n\u00f6tig. Laub zu verbrennen, ist in Berlin verboten. <\/p>\n<p class=\"tspBHk0\">Reicht die Biotonne nicht aus, gibt es bei der BSR Laubs\u00e4cke. Wenn Sie einen Garten haben, sch\u00fctzt eine Bl\u00e4tterdecke Ihre Pflanzen im Winter vor Frost. Schichten Sie Zweige und Laub auf dem Komposthaufen im Wechsel. Wenn Sie einen H\u00e4cksler haben, hilft auch das. Die Bl\u00e4tter verrotten so besser zu n\u00e4hrstoffreichem Humus und Sie sparen sp\u00e4ter das Geld f\u00fcr teure Blumenerde. Und nun zu den H\u00e4rtef\u00e4llen: Was passiert, wenn Fu\u00dfg\u00e4nger auf glitschigem Laub ausrutschen und sich verletzen?<\/p>\n<p> Weitere Folgen \u201eMein guter Rat\u201c <a href=\"https:\/\/www.tagesspiegel.de\/berlin\/berliner-wirtschaft\/hausturgeschafte-lassen-sie-sich-erstmal-seinen-dienstausweis-zeigen-14504039.html?icid=topic-list_14573624___\" data-gtm-class=\"article-mzt-link\" class=\"tspBRlv\" rel=\"nofollow noopener\" target=\"_blank\">Haust\u00fcrgesch\u00e4fte \u201eLassen Sie sich erstmal seinen Dienstausweis zeigen\u201c <\/a><a href=\"https:\/\/www.tagesspiegel.de\/berlin\/berliner-wirtschaft\/im-stadium-oder-auf-dem-indoor-spielplatz-wo-man-schwitzt-darf-mitgebrachtes-getrunken-werden-14438627.html?icid=topic-list_14573624___\" data-gtm-class=\"article-mzt-link\" class=\"tspBRlv\" rel=\"nofollow noopener\" target=\"_blank\">Im Stadion oder auf dem Indoor-Spielplatz Wo man schwitzt, darf Mitgebrachtes getrunken werden <\/a><a href=\"https:\/\/www.tagesspiegel.de\/berlin\/berliner-wirtschaft\/strategie-fur-kleinanleger-nur-gangster-genies-und-zocker-setzen-alles-auf-eine-aktie-14378618.html?icid=topic-list_14573624___\" data-gtm-class=\"article-mzt-link\" class=\"tspBRlv\" rel=\"nofollow noopener\" target=\"_blank\">Strategie f\u00fcr Kleinanleger Nur Gangster, Genies und Zocker setzen alles auf eine Aktie <\/a><\/p>\n<p class=\"tspBHk0\">Mieter, die zur Laubbeseitigung verpflichtet sind, und Besitzer von selbst genutzten Eigenheimen sch\u00fctzt die Private Haftpflichtversicherung vor Schadenersatzforderungen. Bei Anlagen mit Eigentumswohnungen sind alle Wohnungseigent\u00fcmer gemeinsam in der Pflicht, dass Passanten durch Herbstlaub nicht gef\u00e4hrdet werden. Verungl\u00fcckt jemand, kann er sich mit berechtigten Anspr\u00fcchen an alle Eigent\u00fcmer wenden. Passen Sie also gut auf sich auf, aber vor allem: Genie\u00dfen Sie den Herbst!<\/p>\n","protected":false},"excerpt":{"rendered":"Ein jeder kehre vor seiner T\u00fcr, und rein ist jedes Stadtquartier \u2013 so forderte schon Goethe. Jetzt sieht&hellip;\n","protected":false},"author":2,"featured_media":502245,"comment_status":"","ping_status":"","sticky":false,"template":"","format":"standard","meta":{"footnotes":""},"categories":[1825],"tags":[296,3048,29,598,30,77124,7134,2295,30747,2191,61507],"class_list":{"0":"post-502244","1":"post","2":"type-post","3":"status-publish","4":"format-standard","5":"has-post-thumbnail","7":"category-berlin","8":"tag-berlin","9":"tag-bsr","10":"tag-deutschland","11":"tag-garten","12":"tag-germany","13":"tag-mein-guter-rat","14":"tag-mieten","15":"tag-mieter","16":"tag-mietrecht","17":"tag-pflanzen","18":"tag-zivilrecht"},"share_on_mastodon":{"url":"https:\/\/pubeurope.com\/@de\/115381820336157518","error":""},"_links":{"self":[{"href":"https:\/\/www.europesays.com\/de\/wp-json\/wp\/v2\/posts\/502244","targetHints":{"allow":["GET"]}}],"collection":[{"href":"https:\/\/www.europesays.com\/de\/wp-json\/wp\/v2\/posts"}],"about":[{"href":"https:\/\/www.europesays.com\/de\/wp-json\/wp\/v2\/types\/post"}],"author":[{"embeddable":true,"href":"https:\/\/www.europesays.com\/de\/wp-json\/wp\/v2\/users\/2"}],"replies":[{"embeddable":true,"href":"https:\/\/www.europesays.com\/de\/wp-json\/wp\/v2\/comments?post=502244"}],"version-history":[{"count":0,"href":"https:\/\/www.europesays.com\/de\/wp-json\/wp\/v2\/posts\/502244\/revisions"}],"wp:featuredmedia":[{"embeddable":true,"href":"https:\/\/www.europesays.com\/de\/wp-json\/wp\/v2\/media\/502245"}],"wp:attachment":[{"href":"https:\/\/www.europesays.com\/de\/wp-json\/wp\/v2\/media?parent=502244"}],"wp:term":[{"taxonomy":"category","embeddable":true,"href":"https:\/\/www.europesays.com\/de\/wp-json\/wp\/v2\/categories?post=502244"},{"taxonomy":"post_tag","embeddable":true,"href":"https:\/\/www.europesays.com\/de\/wp-json\/wp\/v2\/tags?post=502244"}],"curies":[{"name":"wp","href":"https:\/\/api.w.org\/{rel}","templated":true}]}}