{"id":502253,"date":"2025-10-16T03:58:12","date_gmt":"2025-10-16T03:58:12","guid":{"rendered":"https:\/\/www.europesays.com\/de\/502253\/"},"modified":"2025-10-16T03:58:12","modified_gmt":"2025-10-16T03:58:12","slug":"in-waldmuenchen-am-26-oktober","status":"publish","type":"post","link":"https:\/\/www.europesays.com\/de\/502253\/","title":{"rendered":"In Waldm\u00fcnchen am 26. Oktober"},"content":{"rendered":"<p> \u201eVielleicht leicht\u201c hei\u00dft der vierte Roman von Gesina St\u00e4rz. Aus diesem wird die sie am Sonntag, den 26. Oktober, um 18 Uhr bei einer musikalischen Lesung beim B\u00fcrgertreff am B\u00f6hmertor, beim \u201eDirmaler Wirt\u201c vorlesen. Der Roman handelt von einer Grenzsituation. Das Buch ist eine literarische Dokumentation und eine fiktionale Handlung. <\/p>\n<p>Weiterlesen mit<\/p>\n<p>                                                                                <img decoding=\"async\" src=\"https:\/\/www.mittelbayerische.de\/assets\/build\/images\/mz-plus.svg\" alt=\"Plus-Logo\" class=\"paywall-image\"\/><\/p>\n<p class=\"text-center\">\n            Sie sind bereits registriert oder Plus-Abonnent?<\/p>\n<p>                Hier anmelden<\/p>\n","protected":false},"excerpt":{"rendered":"\u201eVielleicht leicht\u201c hei\u00dft der vierte Roman von Gesina St\u00e4rz. Aus diesem wird die sie am Sonntag, den 26.&hellip;\n","protected":false},"author":2,"featured_media":502254,"comment_status":"","ping_status":"","sticky":false,"template":"","format":"standard","meta":{"footnotes":""},"categories":[1774],"tags":[1784,1785,29,214,30,215],"class_list":{"0":"post-502253","1":"post","2":"type-post","3":"status-publish","4":"format-standard","5":"has-post-thumbnail","7":"category-buecher","8":"tag-books","9":"tag-buecher","10":"tag-deutschland","11":"tag-entertainment","12":"tag-germany","13":"tag-unterhaltung"},"share_on_mastodon":{"url":"https:\/\/pubeurope.com\/@de\/115381843149284908","error":""},"_links":{"self":[{"href":"https:\/\/www.europesays.com\/de\/wp-json\/wp\/v2\/posts\/502253","targetHints":{"allow":["GET"]}}],"collection":[{"href":"https:\/\/www.europesays.com\/de\/wp-json\/wp\/v2\/posts"}],"about":[{"href":"https:\/\/www.europesays.com\/de\/wp-json\/wp\/v2\/types\/post"}],"author":[{"embeddable":true,"href":"https:\/\/www.europesays.com\/de\/wp-json\/wp\/v2\/users\/2"}],"replies":[{"embeddable":true,"href":"https:\/\/www.europesays.com\/de\/wp-json\/wp\/v2\/comments?post=502253"}],"version-history":[{"count":0,"href":"https:\/\/www.europesays.com\/de\/wp-json\/wp\/v2\/posts\/502253\/revisions"}],"wp:featuredmedia":[{"embeddable":true,"href":"https:\/\/www.europesays.com\/de\/wp-json\/wp\/v2\/media\/502254"}],"wp:attachment":[{"href":"https:\/\/www.europesays.com\/de\/wp-json\/wp\/v2\/media?parent=502253"}],"wp:term":[{"taxonomy":"category","embeddable":true,"href":"https:\/\/www.europesays.com\/de\/wp-json\/wp\/v2\/categories?post=502253"},{"taxonomy":"post_tag","embeddable":true,"href":"https:\/\/www.europesays.com\/de\/wp-json\/wp\/v2\/tags?post=502253"}],"curies":[{"name":"wp","href":"https:\/\/api.w.org\/{rel}","templated":true}]}}