{"id":502257,"date":"2025-10-16T04:00:16","date_gmt":"2025-10-16T04:00:16","guid":{"rendered":"https:\/\/www.europesays.com\/de\/502257\/"},"modified":"2025-10-16T04:00:16","modified_gmt":"2025-10-16T04:00:16","slug":"nach-beef-mit-pa-sports-seiner-frau-jetzt-spricht-der-brabus-ceo","status":"publish","type":"post","link":"https:\/\/www.europesays.com\/de\/502257\/","title":{"rendered":"Nach Beef mit PA Sports &#038; seiner Frau: Jetzt spricht der Brabus-CEO"},"content":{"rendered":"<p>Buschmann begr\u00fcndet das unprofessionelle Verhalten damit, dass das Unternehmen derzeit keine Kommunikationsleitung hat. Der Brabus-CEO habe die\u00a0&#8222;Verantwortlichkeiten im Team nicht klar kommuniziert&#8220;\u00a0und nimmt die Schuld daf\u00fcr auf sich. Gleichzeitig verteidigt er auch seine Verlobte\u00a0Mili Umicevic, Director VIP Relations bei Brabus. In ihrem Konflikt mit Luna Rabea habe sie aus &#8222;Engagement und Loyalit\u00e4t&#8220;\u00a0heraus gehandelt. Umicevic habe lediglich auf\u00a0&#8222;eine offensichtliche F\u00e4lschung&#8220;\u00a0aufmerksam machen wollen. Dennoch sei der Ton\u00a0&#8222;zu konfrontativ&#8220;\u00a0gewesen, was\u00a0&#8222;weder notwendig noch markengerecht&#8220;\u00a0gewesen sein soll.<\/p>\n<p>Im Anschluss m\u00f6chte Buschmann seine Followerschaft noch auf das wohl immer gr\u00f6\u00dfer werdende Problem mit gef\u00e4lschten Brabus-Umbauten aufmerksam machen. Kunden w\u00fcrden durch diese F\u00e4lschungen betrogen werden und vor allem au\u00dferhalb Deutschlands und Europas teilweise einer echten Gefahr ausgesetzt, da die F\u00e4lscher bewusst\u00a0&#8222;Sicherheitsstandards und Zulassungs-Richtlinien&#8220; bei ihren Umbauten ignorieren w\u00fcrden.<\/p>\n<p>Wenn dann nicht nur das Markenimage von Brabus, sondern auch die Sicherheit von Menschen gef\u00e4hrdet wird, werde man bei Brabus\u00a0&#8222;schnell emotional&#8220;.\u00a0Deswegen wolle man das Thema rund um die F\u00e4lschungen in Zukunft konsequenter und transparenter angehen, indem man Kunden aufkl\u00e4ren und rechtlich und technisch gegen die F\u00e4lscher vorgehen m\u00f6chte, so Buschmann in seinem Statement.\u00a0<\/p>\n<p><strong>Die ganze Reaktion gibt es hier zu lesen:<\/strong><\/p>\n","protected":false},"excerpt":{"rendered":"Buschmann begr\u00fcndet das unprofessionelle Verhalten damit, dass das Unternehmen derzeit keine Kommunikationsleitung hat. Der Brabus-CEO habe die\u00a0&#8222;Verantwortlichkeiten im&hellip;\n","protected":false},"author":2,"featured_media":485675,"comment_status":"","ping_status":"","sticky":false,"template":"","format":"standard","meta":{"footnotes":""},"categories":[1772],"tags":[5964,513,2886,122419,125658,9082,125657,29,2131,214,122420,30,152,102126,122418,1779,810,15,6343,2138,154,17863,29841,2127,215],"class_list":{"0":"post-502257","1":"post","2":"type-post","3":"status-publish","4":"format-standard","5":"has-post-thumbnail","7":"category-musik","8":"tag-umbau","9":"tag-auto","10":"tag-beef","11":"tag-brabus","12":"tag-brabus-gate","13":"tag-ceo","14":"tag-constantin-buschmann","15":"tag-deutschland","16":"tag-deutschrap","17":"tag-entertainment","18":"tag-g-klasse","19":"tag-germany","20":"tag-instagram","21":"tag-luna-rabea","22":"tag-mili-umicevic","23":"tag-music","24":"tag-musik","25":"tag-news","26":"tag-pa-sports","27":"tag-rap","28":"tag-social-media","29":"tag-statement","30":"tag-story","31":"tag-streit","32":"tag-unterhaltung"},"share_on_mastodon":{"url":"https:\/\/pubeurope.com\/@de\/115381851054201083","error":""},"_links":{"self":[{"href":"https:\/\/www.europesays.com\/de\/wp-json\/wp\/v2\/posts\/502257","targetHints":{"allow":["GET"]}}],"collection":[{"href":"https:\/\/www.europesays.com\/de\/wp-json\/wp\/v2\/posts"}],"about":[{"href":"https:\/\/www.europesays.com\/de\/wp-json\/wp\/v2\/types\/post"}],"author":[{"embeddable":true,"href":"https:\/\/www.europesays.com\/de\/wp-json\/wp\/v2\/users\/2"}],"replies":[{"embeddable":true,"href":"https:\/\/www.europesays.com\/de\/wp-json\/wp\/v2\/comments?post=502257"}],"version-history":[{"count":0,"href":"https:\/\/www.europesays.com\/de\/wp-json\/wp\/v2\/posts\/502257\/revisions"}],"wp:featuredmedia":[{"embeddable":true,"href":"https:\/\/www.europesays.com\/de\/wp-json\/wp\/v2\/media\/485675"}],"wp:attachment":[{"href":"https:\/\/www.europesays.com\/de\/wp-json\/wp\/v2\/media?parent=502257"}],"wp:term":[{"taxonomy":"category","embeddable":true,"href":"https:\/\/www.europesays.com\/de\/wp-json\/wp\/v2\/categories?post=502257"},{"taxonomy":"post_tag","embeddable":true,"href":"https:\/\/www.europesays.com\/de\/wp-json\/wp\/v2\/tags?post=502257"}],"curies":[{"name":"wp","href":"https:\/\/api.w.org\/{rel}","templated":true}]}}