{"id":502293,"date":"2025-10-16T04:19:12","date_gmt":"2025-10-16T04:19:12","guid":{"rendered":"https:\/\/www.europesays.com\/de\/502293\/"},"modified":"2025-10-16T04:19:12","modified_gmt":"2025-10-16T04:19:12","slug":"auto-landet-nach-unfall-auf-dem-dach","status":"publish","type":"post","link":"https:\/\/www.europesays.com\/de\/502293\/","title":{"rendered":"Auto landet nach Unfall auf dem Dach"},"content":{"rendered":"<p class=\"paragraph tw-mx-auto tw-mb-6\">Bei einem Zusammensto\u00df mit einem anderen Auto ist in Mannheim ein Wagen umgekippt und auf dem Dach gelandet. Die 33 Jahre alte Fahrerin wurde laut Polizei bei dem Unfall am Mittwochabend schwer, aber nicht lebensgef\u00e4hrlich verletzt. Ihre drei Mitfahrer im Alter von 9 bis 30 Jahren erlitten leichte Verletzungen. Den Angaben zufolge \u00fcbersah ein 18 Jahre alter Autofahrer beim Fahrspurwechsel den neben ihm fahrenden Wagen der 33-J\u00e4hrigen. Durch die Kollision wurde das Auto der 33-J\u00e4hrigen abgewiesen, kippte um und blieb auf der Gegenspur liegen.<\/p>\n","protected":false},"excerpt":{"rendered":"Bei einem Zusammensto\u00df mit einem anderen Auto ist in Mannheim ein Wagen umgekippt und auf dem Dach gelandet.&hellip;\n","protected":false},"author":2,"featured_media":502294,"comment_status":"","ping_status":"","sticky":false,"template":"","format":"standard","meta":{"footnotes":""},"categories":[1845],"tags":[1634,3364,29,548,663,3934,30,13,2096,14,15,12,2624,9326,601],"class_list":{"0":"post-502293","1":"post","2":"type-post","3":"status-publish","4":"format-standard","5":"has-post-thumbnail","7":"category-mannheim","8":"tag-baden-wuerttemberg","9":"tag-de","10":"tag-deutschland","11":"tag-eu","12":"tag-europa","13":"tag-europe","14":"tag-germany","15":"tag-headlines","16":"tag-mannheim","17":"tag-nachrichten","18":"tag-news","19":"tag-schlagzeilen","20":"tag-unfaelle","21":"tag-updateme","22":"tag-verkehr"},"share_on_mastodon":{"url":"https:\/\/pubeurope.com\/@de\/115381925679591616","error":""},"_links":{"self":[{"href":"https:\/\/www.europesays.com\/de\/wp-json\/wp\/v2\/posts\/502293","targetHints":{"allow":["GET"]}}],"collection":[{"href":"https:\/\/www.europesays.com\/de\/wp-json\/wp\/v2\/posts"}],"about":[{"href":"https:\/\/www.europesays.com\/de\/wp-json\/wp\/v2\/types\/post"}],"author":[{"embeddable":true,"href":"https:\/\/www.europesays.com\/de\/wp-json\/wp\/v2\/users\/2"}],"replies":[{"embeddable":true,"href":"https:\/\/www.europesays.com\/de\/wp-json\/wp\/v2\/comments?post=502293"}],"version-history":[{"count":0,"href":"https:\/\/www.europesays.com\/de\/wp-json\/wp\/v2\/posts\/502293\/revisions"}],"wp:featuredmedia":[{"embeddable":true,"href":"https:\/\/www.europesays.com\/de\/wp-json\/wp\/v2\/media\/502294"}],"wp:attachment":[{"href":"https:\/\/www.europesays.com\/de\/wp-json\/wp\/v2\/media?parent=502293"}],"wp:term":[{"taxonomy":"category","embeddable":true,"href":"https:\/\/www.europesays.com\/de\/wp-json\/wp\/v2\/categories?post=502293"},{"taxonomy":"post_tag","embeddable":true,"href":"https:\/\/www.europesays.com\/de\/wp-json\/wp\/v2\/tags?post=502293"}],"curies":[{"name":"wp","href":"https:\/\/api.w.org\/{rel}","templated":true}]}}